{"id":144057,"date":"2024-06-12T18:37:09","date_gmt":"2024-06-12T17:37:09","guid":{"rendered":"https:\/\/rna.ao\/rna.ao\/?p=144057"},"modified":"2024-06-12T18:37:09","modified_gmt":"2024-06-12T17:37:09","slug":"angola-pretende-dinamizar-cooperacao-bilateral-com-o-uruguay-no-dominio-da-educacao","status":"publish","type":"post","link":"https:\/\/rna.ao\/rna.ao\/2024\/06\/12\/angola-pretende-dinamizar-cooperacao-bilateral-com-o-uruguay-no-dominio-da-educacao\/","title":{"rendered":"Angola pretende dinamizar Coopera\u00e7\u00e3o Bilateral com o Uruguay no Dom\u00ednio da Educa\u00e7\u00e3o"},"content":{"rendered":"<p><img loading=\"lazy\" class=\"alignnone size-medium wp-image-144058\" src=\"https:\/\/rna.ao\/rna.ao\/wp-content\/uploads\/2024\/06\/8f20cb5c-5716-4c6f-b1cb-59ee296dd9e8-578x770.jpeg\" alt=\"\" width=\"578\" height=\"770\" srcset=\"https:\/\/rna.ao\/rna.ao\/wp-content\/uploads\/2024\/06\/8f20cb5c-5716-4c6f-b1cb-59ee296dd9e8-578x770.jpeg 578w, https:\/\/rna.ao\/rna.ao\/wp-content\/uploads\/2024\/06\/8f20cb5c-5716-4c6f-b1cb-59ee296dd9e8-878x1170.jpeg 878w, https:\/\/rna.ao\/rna.ao\/wp-content\/uploads\/2024\/06\/8f20cb5c-5716-4c6f-b1cb-59ee296dd9e8-768x1024.jpeg 768w, https:\/\/rna.ao\/rna.ao\/wp-content\/uploads\/2024\/06\/8f20cb5c-5716-4c6f-b1cb-59ee296dd9e8.jpeg 960w\" sizes=\"(max-width: 578px) 100vw, 578px\" \/>O Embaixador Extraordin\u00e1rio e Plenipotenci\u00e1rio da Rep\u00fablica de Angola na Rep\u00fablica Oriental do Uruguay com resid\u00eancia na Rep\u00fablica Argentina, Azevedo Xavier Francisco, apresentou esta quarta-feira, 12 de Junho, em Montevideo ao Ministro Uruguaio, Omar Paganini, as Cartas Figuradas que o habilitam como Embaixador naquele Pa\u00eds Sul Americano.<\/p>\n<p>O momento serviu ainda para os dois diplomatas analisarem o refor\u00e7o e o aprofundamento das rela\u00e7\u00f5es bilaterais nos mais variadas dom\u00ednios de coopera\u00e7\u00e3o entre Angola e Uruguay.<\/p>\n<p>O Embaixador Azevedo Xavier Francisco, foi tamb\u00e9m nesta quarta-feira, ao encontro do Ministro da Educa\u00e7\u00e3o e Cultura, Pablo da Silveira, com quem pretende dinamizar a Coopera\u00e7\u00e3o bilateral no Dom\u00ednio do Ensino Superior e Forma\u00e7\u00e3o de Quadros, utilizando a experi\u00eancia uruguaia no Ensino b\u00e1sico e secund\u00e1rio do uso das tecnologias de Informa\u00e7\u00e3o e Comunica\u00e7\u00e3o, bem como do intercambio de bolsas de Estudos para estudantes nas \u00e1reas de Sa\u00fade, Tecnolog\u00edas de Informa\u00e7\u00e3o, agricultura entre outras.<\/p>\n<p>De lembrar que as rela\u00e7\u00f5es pol\u00edtico diplom\u00e1ticas entre a Rep\u00fablica de Angola e a Rep\u00fablica Oriental do Uruguay foram estabelecidas a 26 de Maio de 1988.<\/p>\n","protected":false},"excerpt":{"rendered":"<p>O Embaixador Extraordin\u00e1rio e Plenipotenci\u00e1rio da Rep\u00fablica de Angola na Rep\u00fablica Oriental do Uruguay com resid\u00eancia na Rep\u00fablica Argentina, Azevedo Xavier Francisco, apresentou esta quarta-feira, 12 de Junho, em Montevideo ao Ministro Uruguaio, Omar Paganini, as Cartas Figuradas que o habilitam como Embaixador naquele Pa\u00eds Sul Americano. O momento serviu ...<\/p>\n","protected":false},"author":16,"featured_media":144059,"comment_status":"closed","ping_status":"closed","sticky":false,"template":"","format":"standard","meta":[],"categories":[142,121,163],"tags":[],"_links":{"self":[{"href":"https:\/\/rna.ao\/rna.ao\/wp-json\/wp\/v2\/posts\/144057"}],"collection":[{"href":"https:\/\/rna.ao\/rna.ao\/wp-json\/wp\/v2\/posts"}],"about":[{"href":"https:\/\/rna.ao\/rna.ao\/wp-json\/wp\/v2\/types\/post"}],"author":[{"embeddable":true,"href":"https:\/\/rna.ao\/rna.ao\/wp-json\/wp\/v2\/users\/16"}],"replies":[{"embeddable":true,"href":"https:\/\/rna.ao\/rna.ao\/wp-json\/wp\/v2\/comments?post=144057"}],"version-history":[{"count":1,"href":"https:\/\/rna.ao\/rna.ao\/wp-json\/wp\/v2\/posts\/144057\/revisions"}],"predecessor-version":[{"id":144060,"href":"https:\/\/rna.ao\/rna.ao\/wp-json\/wp\/v2\/posts\/144057\/revisions\/144060"}],"wp:featuredmedia":[{"embeddable":true,"href":"https:\/\/rna.ao\/rna.ao\/wp-json\/wp\/v2\/media\/144059"}],"wp:attachment":[{"href":"https:\/\/rna.ao\/rna.ao\/wp-json\/wp\/v2\/media?parent=144057"}],"wp:term":[{"taxonomy":"category","embeddable":true,"href":"https:\/\/rna.ao\/rna.ao\/wp-json\/wp\/v2\/categories?post=144057"},{"taxonomy":"post_tag","embeddable":true,"href":"https:\/\/rna.ao\/rna.ao\/wp-json\/wp\/v2\/tags?post=144057"}],"curies":[{"name":"wp","href":"https:\/\/api.w.org\/{rel}","templated":true}]}}