{"id":142827,"date":"2024-06-03T21:30:18","date_gmt":"2024-06-03T20:30:18","guid":{"rendered":"https:\/\/rna.ao\/rna.ao\/?p=142827"},"modified":"2024-06-03T21:30:18","modified_gmt":"2024-06-03T20:30:18","slug":"pedro-goncalves-recua-da-decisao-e-gibele-volta-a-fazer-parte-dos-palancas-negras","status":"publish","type":"post","link":"https:\/\/rna.ao\/rna.ao\/2024\/06\/03\/pedro-goncalves-recua-da-decisao-e-gibele-volta-a-fazer-parte-dos-palancas-negras\/","title":{"rendered":"Pedro Gon\u00e7alves recua da decis\u00e3o e  Gibel\u00e9 volta a fazer parte dos Palancas Negras"},"content":{"rendered":"<p><img loading=\"lazy\" class=\"alignnone size-medium wp-image-142828\" src=\"https:\/\/rna.ao\/rna.ao\/wp-content\/uploads\/2024\/06\/0db75083-97ec-43da-9eed-a4d51ad6aff6-770x770.jpeg\" alt=\"\" width=\"770\" height=\"770\" srcset=\"https:\/\/rna.ao\/rna.ao\/wp-content\/uploads\/2024\/06\/0db75083-97ec-43da-9eed-a4d51ad6aff6-770x770.jpeg 770w, https:\/\/rna.ao\/rna.ao\/wp-content\/uploads\/2024\/06\/0db75083-97ec-43da-9eed-a4d51ad6aff6-1170x1170.jpeg 1170w, https:\/\/rna.ao\/rna.ao\/wp-content\/uploads\/2024\/06\/0db75083-97ec-43da-9eed-a4d51ad6aff6-150x150.jpeg 150w, https:\/\/rna.ao\/rna.ao\/wp-content\/uploads\/2024\/06\/0db75083-97ec-43da-9eed-a4d51ad6aff6-768x768.jpeg 768w, https:\/\/rna.ao\/rna.ao\/wp-content\/uploads\/2024\/06\/0db75083-97ec-43da-9eed-a4d51ad6aff6-100x100.jpeg 100w, https:\/\/rna.ao\/rna.ao\/wp-content\/uploads\/2024\/06\/0db75083-97ec-43da-9eed-a4d51ad6aff6-370x370.jpeg 370w, https:\/\/rna.ao\/rna.ao\/wp-content\/uploads\/2024\/06\/0db75083-97ec-43da-9eed-a4d51ad6aff6.jpeg 1500w\" sizes=\"(max-width: 770px) 100vw, 770px\" \/>Depois da Federa\u00e7\u00e3o Angolana de Futebol ter anunciado em comunicado, na tarde desta segunda-feira, a dispensa do pr\u00e9-seleccionado, Deivi Miguel Vieira, mais conhecido como Gilberto \u201cGibel\u00e9\u201d, o extremo, acaba de integrar o grupo e \u00e9 op\u00e7\u00e3o para os dois jogos dos Palancas Negras, depois de prevalecer o bom censo do treinador Pedro Gon\u00e7alves.<\/p>\n<p>Os dois jogos da selec\u00e7\u00e3o s\u00e3o qualificativos ao mundial de 2026. Na sexta-feira, 7 de Junho, Angola recebe Eswatini \u00e0s 17H00 no est\u00e1dio 11 de Novembro e no dia 11 deste m\u00eas no mesmo local a partida ser\u00e1 diante da selec\u00e7\u00e3o Camaronesa.<\/p>\n","protected":false},"excerpt":{"rendered":"<p>Depois da Federa\u00e7\u00e3o Angolana de Futebol ter anunciado em comunicado, na tarde desta segunda-feira, a dispensa do pr\u00e9-seleccionado, Deivi Miguel Vieira, mais conhecido como Gilberto \u201cGibel\u00e9\u201d, o extremo, acaba de integrar o grupo e \u00e9 op\u00e7\u00e3o para os dois jogos dos Palancas Negras, depois de prevalecer o bom censo do ...<\/p>\n","protected":false},"author":16,"featured_media":142828,"comment_status":"closed","ping_status":"closed","sticky":false,"template":"","format":"standard","meta":[],"categories":[139,145,125,163],"tags":[],"_links":{"self":[{"href":"https:\/\/rna.ao\/rna.ao\/wp-json\/wp\/v2\/posts\/142827"}],"collection":[{"href":"https:\/\/rna.ao\/rna.ao\/wp-json\/wp\/v2\/posts"}],"about":[{"href":"https:\/\/rna.ao\/rna.ao\/wp-json\/wp\/v2\/types\/post"}],"author":[{"embeddable":true,"href":"https:\/\/rna.ao\/rna.ao\/wp-json\/wp\/v2\/users\/16"}],"replies":[{"embeddable":true,"href":"https:\/\/rna.ao\/rna.ao\/wp-json\/wp\/v2\/comments?post=142827"}],"version-history":[{"count":1,"href":"https:\/\/rna.ao\/rna.ao\/wp-json\/wp\/v2\/posts\/142827\/revisions"}],"predecessor-version":[{"id":142829,"href":"https:\/\/rna.ao\/rna.ao\/wp-json\/wp\/v2\/posts\/142827\/revisions\/142829"}],"wp:featuredmedia":[{"embeddable":true,"href":"https:\/\/rna.ao\/rna.ao\/wp-json\/wp\/v2\/media\/142828"}],"wp:attachment":[{"href":"https:\/\/rna.ao\/rna.ao\/wp-json\/wp\/v2\/media?parent=142827"}],"wp:term":[{"taxonomy":"category","embeddable":true,"href":"https:\/\/rna.ao\/rna.ao\/wp-json\/wp\/v2\/categories?post=142827"},{"taxonomy":"post_tag","embeddable":true,"href":"https:\/\/rna.ao\/rna.ao\/wp-json\/wp\/v2\/tags?post=142827"}],"curies":[{"name":"wp","href":"https:\/\/api.w.org\/{rel}","templated":true}]}}