{"id":142316,"date":"2024-05-29T21:03:25","date_gmt":"2024-05-29T20:03:25","guid":{"rendered":"https:\/\/rna.ao\/rna.ao\/?p=142316"},"modified":"2024-05-29T21:14:50","modified_gmt":"2024-05-29T20:14:50","slug":"administradora-de-luanda-integra-delegacao-angolana-que-participa-no-eua-da-cimeira-internacional-das-cidades-geminadas","status":"publish","type":"post","link":"https:\/\/rna.ao\/rna.ao\/2024\/05\/29\/administradora-de-luanda-integra-delegacao-angolana-que-participa-no-eua-da-cimeira-internacional-das-cidades-geminadas\/","title":{"rendered":"Administradora de Luanda integra delega\u00e7\u00e3o angolana que participa no EUA da Cimeira Internacional das Cidades Geminadas"},"content":{"rendered":"<p><img loading=\"lazy\" class=\"alignnone size-medium wp-image-142317\" src=\"https:\/\/rna.ao\/rna.ao\/wp-content\/uploads\/2024\/05\/0b237abb-4dca-4613-ad5c-7d7c6eb5b770-770x691.jpeg\" alt=\"\" width=\"770\" height=\"691\" srcset=\"https:\/\/rna.ao\/rna.ao\/wp-content\/uploads\/2024\/05\/0b237abb-4dca-4613-ad5c-7d7c6eb5b770-770x691.jpeg 770w, https:\/\/rna.ao\/rna.ao\/wp-content\/uploads\/2024\/05\/0b237abb-4dca-4613-ad5c-7d7c6eb5b770-768x689.jpeg 768w, https:\/\/rna.ao\/rna.ao\/wp-content\/uploads\/2024\/05\/0b237abb-4dca-4613-ad5c-7d7c6eb5b770.jpeg 786w\" sizes=\"(max-width: 770px) 100vw, 770px\" \/>Delega\u00e7\u00f5es das prov\u00edncias de Luanda, Malanje e Cabinda participam desde esta quarta-feira, 29 de Maio, da cimeira internacional das cidades geminadas que decorre nos estados unidos da am\u00e9rica na Cidade de San Ant\u00f3nio, estado de Texas.<\/p>\n<p>A Cimeira a cimeira que termina no 31 de Maio, conta com mais 250 delegados de v\u00e1rios pa\u00edses, entre os quais delega\u00e7\u00f5es ministeriais. A Administradora Municipal de Luanda, Milca Caquesse, participa da Cimeira, integrando a delega\u00e7\u00e3o angolana chefiada pelo Ministro da Administra\u00e7\u00e3o do Territ\u00f3rio.<\/p>\n<p>A comitiva angolana participa igualmente de visitas aos lugares de interesse hist\u00f3rico e manter\u00e1 encontros paralelos a confer\u00eancia no \u00e2mbito das cidades hom\u00f3logas com as quais se pretende geminar.<\/p>\n<p>O encontro vai abordar dentre outros assuntos, as oportunidades de colabora\u00e7\u00e3o, desafios comuns, melhores pr\u00e1ticas internacionais sobre a gemina\u00e7\u00e3o das cidades e potencialidades de neg\u00f3cios.<\/p>\n","protected":false},"excerpt":{"rendered":"<p>Delega\u00e7\u00f5es das prov\u00edncias de Luanda, Malanje e Cabinda participam desde esta quarta-feira, 29 de Maio, da cimeira internacional das cidades geminadas que decorre nos estados unidos da am\u00e9rica na Cidade de San Ant\u00f3nio, estado de Texas. A Cimeira a cimeira que termina no 31 de Maio, conta com mais 250 ...<\/p>\n","protected":false},"author":16,"featured_media":142323,"comment_status":"closed","ping_status":"closed","sticky":false,"template":"","format":"standard","meta":[],"categories":[141,133],"tags":[],"_links":{"self":[{"href":"https:\/\/rna.ao\/rna.ao\/wp-json\/wp\/v2\/posts\/142316"}],"collection":[{"href":"https:\/\/rna.ao\/rna.ao\/wp-json\/wp\/v2\/posts"}],"about":[{"href":"https:\/\/rna.ao\/rna.ao\/wp-json\/wp\/v2\/types\/post"}],"author":[{"embeddable":true,"href":"https:\/\/rna.ao\/rna.ao\/wp-json\/wp\/v2\/users\/16"}],"replies":[{"embeddable":true,"href":"https:\/\/rna.ao\/rna.ao\/wp-json\/wp\/v2\/comments?post=142316"}],"version-history":[{"count":1,"href":"https:\/\/rna.ao\/rna.ao\/wp-json\/wp\/v2\/posts\/142316\/revisions"}],"predecessor-version":[{"id":142320,"href":"https:\/\/rna.ao\/rna.ao\/wp-json\/wp\/v2\/posts\/142316\/revisions\/142320"}],"wp:featuredmedia":[{"embeddable":true,"href":"https:\/\/rna.ao\/rna.ao\/wp-json\/wp\/v2\/media\/142323"}],"wp:attachment":[{"href":"https:\/\/rna.ao\/rna.ao\/wp-json\/wp\/v2\/media?parent=142316"}],"wp:term":[{"taxonomy":"category","embeddable":true,"href":"https:\/\/rna.ao\/rna.ao\/wp-json\/wp\/v2\/categories?post=142316"},{"taxonomy":"post_tag","embeddable":true,"href":"https:\/\/rna.ao\/rna.ao\/wp-json\/wp\/v2\/tags?post=142316"}],"curies":[{"name":"wp","href":"https:\/\/api.w.org\/{rel}","templated":true}]}}