{"id":142282,"date":"2024-05-29T14:30:04","date_gmt":"2024-05-29T13:30:04","guid":{"rendered":"https:\/\/rna.ao\/rna.ao\/?p=142282"},"modified":"2024-05-29T13:59:14","modified_gmt":"2024-05-29T12:59:14","slug":"especialistas-entendem-ser-justo-o-acordo-entre-o-executivo-e-as-centrais-sindicais","status":"publish","type":"post","link":"https:\/\/rna.ao\/rna.ao\/2024\/05\/29\/especialistas-entendem-ser-justo-o-acordo-entre-o-executivo-e-as-centrais-sindicais\/","title":{"rendered":"Especialistas entendem ser justo o acordo entre o executivo e as centrais sindicais"},"content":{"rendered":"<p><img loading=\"lazy\" class=\"alignnone  wp-image-118434\" src=\"https:\/\/rna.ao\/rna.ao\/wp-content\/uploads\/2023\/10\/Confederacao-Sindical-UNTA.png\" alt=\"\" width=\"394\" height=\"279\" \/>O executivo angolano e os sindicatos dos trabalhadores decidiram trabalhar em conjunto e fazer atualiza\u00e7\u00f5es progressivas dos sal\u00e1rios da fun\u00e7\u00e3o p\u00fablica a partir do pr\u00f3ximo ano.<\/p>\n<p>Em 2025 o incremento salarial vai ser de 25 por cento e em rela\u00e7\u00e3o ao sal\u00e1rio m\u00ednimo nacional as partes acordaram o valor de 70 mil kwanzas que evoluir\u00e1 para cem mil em dois anos, e para micro e pequenas empresas o valor \u00e9 de 50 mil Kwanzas.<\/p>\n<p>Os especialistas em economia e em direito fiscal entendem ser um acordo justo, a julgar pela actual realidade econ\u00f3mica do pa\u00eds.<\/p>\n<p>Os especialistas dizem que o executivo precisa agora afinar melhor a sua m\u00e1quina de arrecada\u00e7\u00e3o de receitas para conseguir dar resposta ao compromisso assumidos perante aos sindicalistas. Jornalista Rom\u00e3o Ferreira. Clique no \u00e1udio e ou\u00e7a:<\/p>\n\t<div class=\"qtmplayer-playlist-large\">\n\t\t<ul class=\"qtmplayer-playlist\">\n\t\t\t\n\t\t\t\t\t<li class=\"qtmplayer-trackitem\">\n\t\t<img src=\"https:\/\/rna.ao\/rna.ao\/wp-content\/uploads\/2023\/10\/Confederacao-Sindical-UNTA-100x100.png\" alt=\"cover\">\t\t<span \t\t\tdata-qtmplayer-cover=\"https:\/\/rna.ao\/rna.ao\/wp-content\/uploads\/2023\/10\/Confederacao-Sindical-UNTA.png\"\n\t\t\t\t\t\tdata-qtmplayer-file=\"https:\/\/rna.ao\/rna.ao\/wp-content\/uploads\/2024\/05\/ROMAO-FERREIRA-13HRS-5.mp3\"\n\t\t\t\t\t\tdata-qtmplayer-title=\"Especialistas entendem ser justo o acordo entre o executivo e as centrais sindicais\"\n\t\t\t\t\t\tdata-qtmplayer-artist=\"Juliana Nunes\"\n\t\t\t\t\t\tdata-qtmplayer-link=\"https:\/\/rna.ao\/rna.ao\/2024\/05\/29\/especialistas-entendem-ser-justo-o-acordo-entre-o-executivo-e-as-centrais-sindicais\/\"\n\t\t\t\t\t\tdata-qtmplayer-icon=\"file_download\"\n\t\t\t\t\t\tdata-qtmplayer-type=\"track\"\n\t\t\t class=\"qtmplayer-play qtmplayer-link-sec qtmplayer-play-btn\"><i class='material-icons'>play_arrow<\/i><\/span>\n\t\t<p>\n\t\t\t<span class=\"qtmplayer-tit\">Especialistas entendem ser justo o acordo entre o executivo e as centrais sindicais<\/span>\n\t\t\t<span class=\"qtmplayer-art\">Juliana Nunes<\/span>\n\t\t<\/p>\n\t<\/li>\n\t\t<\/ul>\n\t<\/div>\t\t\t\n\t\n","protected":false},"excerpt":{"rendered":"<p>O executivo angolano e os sindicatos dos trabalhadores decidiram trabalhar em conjunto e fazer atualiza\u00e7\u00f5es progressivas dos sal\u00e1rios da fun\u00e7\u00e3o p\u00fablica a partir do pr\u00f3ximo ano. Em 2025 o incremento salarial vai ser de 25 por cento e em rela\u00e7\u00e3o ao sal\u00e1rio m\u00ednimo nacional as partes acordaram o valor de ...<\/p>\n","protected":false},"author":16,"featured_media":118434,"comment_status":"closed","ping_status":"closed","sticky":false,"template":"","format":"standard","meta":[],"categories":[142,121,163],"tags":[],"_links":{"self":[{"href":"https:\/\/rna.ao\/rna.ao\/wp-json\/wp\/v2\/posts\/142282"}],"collection":[{"href":"https:\/\/rna.ao\/rna.ao\/wp-json\/wp\/v2\/posts"}],"about":[{"href":"https:\/\/rna.ao\/rna.ao\/wp-json\/wp\/v2\/types\/post"}],"author":[{"embeddable":true,"href":"https:\/\/rna.ao\/rna.ao\/wp-json\/wp\/v2\/users\/16"}],"replies":[{"embeddable":true,"href":"https:\/\/rna.ao\/rna.ao\/wp-json\/wp\/v2\/comments?post=142282"}],"version-history":[{"count":1,"href":"https:\/\/rna.ao\/rna.ao\/wp-json\/wp\/v2\/posts\/142282\/revisions"}],"predecessor-version":[{"id":142284,"href":"https:\/\/rna.ao\/rna.ao\/wp-json\/wp\/v2\/posts\/142282\/revisions\/142284"}],"wp:featuredmedia":[{"embeddable":true,"href":"https:\/\/rna.ao\/rna.ao\/wp-json\/wp\/v2\/media\/118434"}],"wp:attachment":[{"href":"https:\/\/rna.ao\/rna.ao\/wp-json\/wp\/v2\/media?parent=142282"}],"wp:term":[{"taxonomy":"category","embeddable":true,"href":"https:\/\/rna.ao\/rna.ao\/wp-json\/wp\/v2\/categories?post=142282"},{"taxonomy":"post_tag","embeddable":true,"href":"https:\/\/rna.ao\/rna.ao\/wp-json\/wp\/v2\/tags?post=142282"}],"curies":[{"name":"wp","href":"https:\/\/api.w.org\/{rel}","templated":true}]}}