{"id":142267,"date":"2024-05-29T14:00:05","date_gmt":"2024-05-29T13:00:05","guid":{"rendered":"https:\/\/rna.ao\/rna.ao\/?p=142267"},"modified":"2024-05-29T13:07:26","modified_gmt":"2024-05-29T12:07:26","slug":"grupo-de-escuteiros-que-caminha-de-luanda-a-huila-reduzido-a-4-elementos","status":"publish","type":"post","link":"https:\/\/rna.ao\/rna.ao\/2024\/05\/29\/grupo-de-escuteiros-que-caminha-de-luanda-a-huila-reduzido-a-4-elementos\/","title":{"rendered":"Grupo de escuteiros que caminha de Luanda a Hu\u00edla reduzido a 4 elementos"},"content":{"rendered":"<p><img loading=\"lazy\" class=\"alignnone  wp-image-134902\" src=\"https:\/\/rna.ao\/rna.ao\/wp-content\/uploads\/2024\/03\/Associacao-de-Escuteiros-de-Angola.jpg\" alt=\"\" width=\"472\" height=\"270\" srcset=\"https:\/\/rna.ao\/rna.ao\/wp-content\/uploads\/2024\/03\/Associacao-de-Escuteiros-de-Angola.jpg 372w, https:\/\/rna.ao\/rna.ao\/wp-content\/uploads\/2024\/03\/Associacao-de-Escuteiros-de-Angola-370x213.jpg 370w\" sizes=\"(max-width: 472px) 100vw, 472px\" \/>Escuteiros caminham de Luanda a Hu\u00edla para saudar os 30 anos da associa\u00e7\u00e3o. Esta manh\u00e3 um grupo de 4 escuteiros partiu de Benguela em direc\u00e7\u00e3o a Hu\u00edla. A viagem que est\u00e1 a ser feita a p\u00e9, teve in\u00edcio no dia 18 de Maio em Luanda. M\u00e1rio Joaquim chefe de departamento para os grandes eventos da associa\u00e7\u00e3o dos escuteiros de Angola conta que inicialmente era um grupo de 100 que viajou at\u00e9 \u00e0 primeira paragem. Clique no \u00e1udio e ou\u00e7a:<\/p>\n\t<div class=\"qtmplayer-playlist-large\">\n\t\t<ul class=\"qtmplayer-playlist\">\n\t\t\t\n\t\t\t\t\t<li class=\"qtmplayer-trackitem\">\n\t\t<img src=\"https:\/\/rna.ao\/rna.ao\/wp-content\/uploads\/2024\/03\/Associacao-de-Escuteiros-de-Angola-100x100.jpg\" alt=\"cover\">\t\t<span \t\t\tdata-qtmplayer-cover=\"https:\/\/rna.ao\/rna.ao\/wp-content\/uploads\/2024\/03\/Associacao-de-Escuteiros-de-Angola.jpg\"\n\t\t\t\t\t\tdata-qtmplayer-file=\"https:\/\/rna.ao\/rna.ao\/wp-content\/uploads\/2024\/05\/MARIO-JOAQUIM-1-13HRS.mp3\"\n\t\t\t\t\t\tdata-qtmplayer-title=\"Grupo de escuteiros que caminha de Luanda a Hu\u00edla reduzido a 4 elementos\"\n\t\t\t\t\t\tdata-qtmplayer-artist=\"Juliana Nunes\"\n\t\t\t\t\t\tdata-qtmplayer-link=\"https:\/\/rna.ao\/rna.ao\/2024\/05\/29\/grupo-de-escuteiros-que-caminha-de-luanda-a-huila-reduzido-a-4-elementos\/\"\n\t\t\t\t\t\tdata-qtmplayer-icon=\"file_download\"\n\t\t\t\t\t\tdata-qtmplayer-type=\"track\"\n\t\t\t class=\"qtmplayer-play qtmplayer-link-sec qtmplayer-play-btn\"><i class='material-icons'>play_arrow<\/i><\/span>\n\t\t<p>\n\t\t\t<span class=\"qtmplayer-tit\">Grupo de escuteiros que caminha de Luanda a Hu\u00edla reduzido a 4 elementos<\/span>\n\t\t\t<span class=\"qtmplayer-art\">Juliana Nunes<\/span>\n\t\t<\/p>\n\t<\/li>\n\t\t<\/ul>\n\t<\/div>\t\t\t\n\t\n<p>O chefe de departamento para os grandes eventos da associa\u00e7\u00e3o dos escuteiros de Angola explicou que durante a caminhada est\u00e3o a ser consideradas todas as quest\u00f5es de seguran\u00e7a. Clique no \u00e1udio e ou\u00e7a:<\/p>\n\t<div class=\"qtmplayer-playlist-large\">\n\t\t<ul class=\"qtmplayer-playlist\">\n\t\t\t\n\t\t\t\t\t<li class=\"qtmplayer-trackitem\">\n\t\t<img src=\"https:\/\/rna.ao\/rna.ao\/wp-content\/uploads\/2024\/03\/Associacao-de-Escuteiros-de-Angola-100x100.jpg\" alt=\"cover\">\t\t<span \t\t\tdata-qtmplayer-cover=\"https:\/\/rna.ao\/rna.ao\/wp-content\/uploads\/2024\/03\/Associacao-de-Escuteiros-de-Angola.jpg\"\n\t\t\t\t\t\tdata-qtmplayer-file=\"https:\/\/rna.ao\/rna.ao\/wp-content\/uploads\/2024\/05\/MARIO-JOAQUIM-2-13HRS.mp3\"\n\t\t\t\t\t\tdata-qtmplayer-title=\"Grupo de escuteiros que caminha de Luanda a Hu\u00edla reduzido a 4 elementos\"\n\t\t\t\t\t\tdata-qtmplayer-artist=\"Juliana Nunes\"\n\t\t\t\t\t\tdata-qtmplayer-link=\"https:\/\/rna.ao\/rna.ao\/2024\/05\/29\/grupo-de-escuteiros-que-caminha-de-luanda-a-huila-reduzido-a-4-elementos\/\"\n\t\t\t\t\t\tdata-qtmplayer-icon=\"file_download\"\n\t\t\t\t\t\tdata-qtmplayer-type=\"track\"\n\t\t\t class=\"qtmplayer-play qtmplayer-link-sec qtmplayer-play-btn\"><i class='material-icons'>play_arrow<\/i><\/span>\n\t\t<p>\n\t\t\t<span class=\"qtmplayer-tit\">Grupo de escuteiros que caminha de Luanda a Hu\u00edla reduzido a 4 elementos<\/span>\n\t\t\t<span class=\"qtmplayer-art\">Juliana Nunes<\/span>\n\t\t<\/p>\n\t<\/li>\n\t\t<\/ul>\n\t<\/div>\t\t\t\n\t\n<p>Recorde-se que Luanda e Hu\u00edla est\u00e3o separados por mais de 900 km.<\/p>\n","protected":false},"excerpt":{"rendered":"<p>Escuteiros caminham de Luanda a Hu\u00edla para saudar os 30 anos da associa\u00e7\u00e3o. Esta manh\u00e3 um grupo de 4 escuteiros partiu de Benguela em direc\u00e7\u00e3o a Hu\u00edla. A viagem que est\u00e1 a ser feita a p\u00e9, teve in\u00edcio no dia 18 de Maio em Luanda. M\u00e1rio Joaquim chefe de departamento ...<\/p>\n","protected":false},"author":16,"featured_media":134902,"comment_status":"closed","ping_status":"closed","sticky":false,"template":"","format":"standard","meta":[],"categories":[142,121],"tags":[],"_links":{"self":[{"href":"https:\/\/rna.ao\/rna.ao\/wp-json\/wp\/v2\/posts\/142267"}],"collection":[{"href":"https:\/\/rna.ao\/rna.ao\/wp-json\/wp\/v2\/posts"}],"about":[{"href":"https:\/\/rna.ao\/rna.ao\/wp-json\/wp\/v2\/types\/post"}],"author":[{"embeddable":true,"href":"https:\/\/rna.ao\/rna.ao\/wp-json\/wp\/v2\/users\/16"}],"replies":[{"embeddable":true,"href":"https:\/\/rna.ao\/rna.ao\/wp-json\/wp\/v2\/comments?post=142267"}],"version-history":[{"count":1,"href":"https:\/\/rna.ao\/rna.ao\/wp-json\/wp\/v2\/posts\/142267\/revisions"}],"predecessor-version":[{"id":142273,"href":"https:\/\/rna.ao\/rna.ao\/wp-json\/wp\/v2\/posts\/142267\/revisions\/142273"}],"wp:featuredmedia":[{"embeddable":true,"href":"https:\/\/rna.ao\/rna.ao\/wp-json\/wp\/v2\/media\/134902"}],"wp:attachment":[{"href":"https:\/\/rna.ao\/rna.ao\/wp-json\/wp\/v2\/media?parent=142267"}],"wp:term":[{"taxonomy":"category","embeddable":true,"href":"https:\/\/rna.ao\/rna.ao\/wp-json\/wp\/v2\/categories?post=142267"},{"taxonomy":"post_tag","embeddable":true,"href":"https:\/\/rna.ao\/rna.ao\/wp-json\/wp\/v2\/tags?post=142267"}],"curies":[{"name":"wp","href":"https:\/\/api.w.org\/{rel}","templated":true}]}}