{"id":141990,"date":"2024-05-28T08:33:36","date_gmt":"2024-05-28T07:33:36","guid":{"rendered":"https:\/\/rna.ao\/rna.ao\/?p=141990"},"modified":"2024-05-28T08:33:36","modified_gmt":"2024-05-28T07:33:36","slug":"seca-arrasa-campos-de-cultivo-no-cuando-cubango-e-deixa-mais-de-duas-mil-e-trezentas-familias-sem-as-suas-plantacoes","status":"publish","type":"post","link":"https:\/\/rna.ao\/rna.ao\/2024\/05\/28\/seca-arrasa-campos-de-cultivo-no-cuando-cubango-e-deixa-mais-de-duas-mil-e-trezentas-familias-sem-as-suas-plantacoes\/","title":{"rendered":"Seca arrasa campos de cultivo no Cuando Cubango e deixa mais de duas mil e trezentas fam\u00edlias sem as suas planta\u00e7\u00f5es"},"content":{"rendered":"<p><img loading=\"lazy\" class=\"wp-image-141992 alignleft\" src=\"https:\/\/rna.ao\/rna.ao\/wp-content\/uploads\/2024\/05\/seca-arrasa.jpg\" alt=\"\" width=\"360\" height=\"238\" \/>A seca que assola algumas regi\u00f5es da Prov\u00edncia do Cuando Cubango, est\u00e1 a prejudicar a presente campanha agr\u00edcola. Mais de duas mil e trezentas fam\u00edlias camponesas perderam as culturas. De acordo com as autoridades est\u00e1s fam\u00edlias correm o risco de passar fome. Saiba mais dados, no \u00e1udio abaixo, com o rep\u00f3rter Pelicano Baptista:<\/p>\n\t<div class=\"qtmplayer-playlist-large\">\n\t\t<ul class=\"qtmplayer-playlist\">\n\t\t\t\n\t\t\t\t\t<li class=\"qtmplayer-trackitem\">\n\t\t<img src=\"https:\/\/rna.ao\/rna.ao\/wp-content\/uploads\/2024\/05\/seca-arrasa-100x100.jpg\" alt=\"cover\">\t\t<span \t\t\tdata-qtmplayer-cover=\"https:\/\/rna.ao\/rna.ao\/wp-content\/uploads\/2024\/05\/seca-arrasa-370x370.jpg\"\n\t\t\t\t\t\tdata-qtmplayer-file=\"https:\/\/rna.ao\/rna.ao\/wp-content\/uploads\/2024\/05\/KUANDO-KUBANGO-SECA-13HRS.mp3\"\n\t\t\t\t\t\tdata-qtmplayer-title=\"Seca arrasa campos de cultivo no Cuando Cubango e deixa mais de duas mil e trezentas fam\u00edlias sem as suas planta\u00e7\u00f5es\"\n\t\t\t\t\t\tdata-qtmplayer-artist=\"Jo\u00e3o Augusto\"\n\t\t\t\t\t\tdata-qtmplayer-link=\"https:\/\/rna.ao\/rna.ao\/2024\/05\/28\/seca-arrasa-campos-de-cultivo-no-cuando-cubango-e-deixa-mais-de-duas-mil-e-trezentas-familias-sem-as-suas-plantacoes\/\"\n\t\t\t\t\t\tdata-qtmplayer-icon=\"file_download\"\n\t\t\t\t\t\tdata-qtmplayer-type=\"track\"\n\t\t\t class=\"qtmplayer-play qtmplayer-link-sec qtmplayer-play-btn\"><i class='material-icons'>play_arrow<\/i><\/span>\n\t\t<p>\n\t\t\t<span class=\"qtmplayer-tit\">Seca arrasa campos de cultivo no Cuando Cubango e deixa mais de duas mil e trezentas fam\u00edlias sem as suas planta\u00e7\u00f5es<\/span>\n\t\t\t<span class=\"qtmplayer-art\">Jo\u00e3o Augusto<\/span>\n\t\t<\/p>\n\t<\/li>\n\t\t<\/ul>\n\t<\/div>\t\t\t\n\t\n","protected":false},"excerpt":{"rendered":"<p>A seca que assola algumas regi\u00f5es da Prov\u00edncia do Cuando Cubango, est\u00e1 a prejudicar a presente campanha agr\u00edcola. Mais de duas mil e trezentas fam\u00edlias camponesas perderam as culturas. De acordo com as autoridades est\u00e1s fam\u00edlias correm o risco de passar fome. Saiba mais dados, no \u00e1udio abaixo, com o ...<\/p>\n","protected":false},"author":15,"featured_media":141992,"comment_status":"closed","ping_status":"closed","sticky":false,"template":"","format":"standard","meta":[],"categories":[142,121,163],"tags":[],"_links":{"self":[{"href":"https:\/\/rna.ao\/rna.ao\/wp-json\/wp\/v2\/posts\/141990"}],"collection":[{"href":"https:\/\/rna.ao\/rna.ao\/wp-json\/wp\/v2\/posts"}],"about":[{"href":"https:\/\/rna.ao\/rna.ao\/wp-json\/wp\/v2\/types\/post"}],"author":[{"embeddable":true,"href":"https:\/\/rna.ao\/rna.ao\/wp-json\/wp\/v2\/users\/15"}],"replies":[{"embeddable":true,"href":"https:\/\/rna.ao\/rna.ao\/wp-json\/wp\/v2\/comments?post=141990"}],"version-history":[{"count":1,"href":"https:\/\/rna.ao\/rna.ao\/wp-json\/wp\/v2\/posts\/141990\/revisions"}],"predecessor-version":[{"id":141993,"href":"https:\/\/rna.ao\/rna.ao\/wp-json\/wp\/v2\/posts\/141990\/revisions\/141993"}],"wp:featuredmedia":[{"embeddable":true,"href":"https:\/\/rna.ao\/rna.ao\/wp-json\/wp\/v2\/media\/141992"}],"wp:attachment":[{"href":"https:\/\/rna.ao\/rna.ao\/wp-json\/wp\/v2\/media?parent=141990"}],"wp:term":[{"taxonomy":"category","embeddable":true,"href":"https:\/\/rna.ao\/rna.ao\/wp-json\/wp\/v2\/categories?post=141990"},{"taxonomy":"post_tag","embeddable":true,"href":"https:\/\/rna.ao\/rna.ao\/wp-json\/wp\/v2\/tags?post=141990"}],"curies":[{"name":"wp","href":"https:\/\/api.w.org\/{rel}","templated":true}]}}