{"id":141534,"date":"2024-05-23T09:40:49","date_gmt":"2024-05-23T08:40:49","guid":{"rendered":"https:\/\/rna.ao\/rna.ao\/?p=141534"},"modified":"2024-05-23T09:40:49","modified_gmt":"2024-05-23T08:40:49","slug":"crise-humanitaria-em-africa-vai-resultar-em-metade-das-deslocacoes-forcadas-ate-fim-deste-ano","status":"publish","type":"post","link":"https:\/\/rna.ao\/rna.ao\/2024\/05\/23\/crise-humanitaria-em-africa-vai-resultar-em-metade-das-deslocacoes-forcadas-ate-fim-deste-ano\/","title":{"rendered":"Crise humanit\u00e1ria em \u00c1frica vai resultar em metade das desloca\u00e7\u00f5es for\u00e7adas at\u00e9 fim deste ano"},"content":{"rendered":"<p><img loading=\"lazy\" class=\"wp-image-141537 alignleft\" src=\"https:\/\/rna.ao\/rna.ao\/wp-content\/uploads\/2024\/05\/africa-770x578.jpg\" alt=\"\" width=\"342\" height=\"257\" srcset=\"https:\/\/rna.ao\/rna.ao\/wp-content\/uploads\/2024\/05\/africa-770x578.jpg 770w, https:\/\/rna.ao\/rna.ao\/wp-content\/uploads\/2024\/05\/africa-1170x878.jpg 1170w, https:\/\/rna.ao\/rna.ao\/wp-content\/uploads\/2024\/05\/africa-768x576.jpg 768w, https:\/\/rna.ao\/rna.ao\/wp-content\/uploads\/2024\/05\/africa.jpg 1440w\" sizes=\"(max-width: 342px) 100vw, 342px\" \/>As Na\u00e7\u00f5es Unidas alertaram que a &#8220;crise humanit\u00e1ria sem precedentes&#8221; que \u00c1frica atravessa resultar\u00e1 em que 49% das desloca\u00e7\u00f5es for\u00e7adas no mundo at\u00e9 ao final do ano ocorrer\u00e3o neste continente.<\/p>\n<p>&#8220;At\u00e9 ao final de 2024, estima-se que mais de 65 milh\u00f5es de pessoas oriundas de todas as regi\u00f5es de \u00c1frica sejam for\u00e7adas a fugir em busca de protec\u00e7\u00e3o e assist\u00eancia humanit\u00e1ria. Um n\u00famero que representa quase metade do total de pessoas deslocadas no mundo.<\/p>\n<p>O alerta, divulgado a prop\u00f3sito do Dia de \u00c1frica, que se assinala s\u00e1bado, salienta que o &#8220;subfinanciamento surge como principal amea\u00e7a \u00e0 ajuda humanit\u00e1ria&#8221;.<\/p>\n","protected":false},"excerpt":{"rendered":"<p>As Na\u00e7\u00f5es Unidas alertaram que a &#8220;crise humanit\u00e1ria sem precedentes&#8221; que \u00c1frica atravessa resultar\u00e1 em que 49% das desloca\u00e7\u00f5es for\u00e7adas no mundo at\u00e9 ao final do ano ocorrer\u00e3o neste continente. &#8220;At\u00e9 ao final de 2024, estima-se que mais de 65 milh\u00f5es de pessoas oriundas de todas as regi\u00f5es de \u00c1frica ...<\/p>\n","protected":false},"author":15,"featured_media":141536,"comment_status":"closed","ping_status":"closed","sticky":false,"template":"","format":"standard","meta":[],"categories":[143,137],"tags":[],"_links":{"self":[{"href":"https:\/\/rna.ao\/rna.ao\/wp-json\/wp\/v2\/posts\/141534"}],"collection":[{"href":"https:\/\/rna.ao\/rna.ao\/wp-json\/wp\/v2\/posts"}],"about":[{"href":"https:\/\/rna.ao\/rna.ao\/wp-json\/wp\/v2\/types\/post"}],"author":[{"embeddable":true,"href":"https:\/\/rna.ao\/rna.ao\/wp-json\/wp\/v2\/users\/15"}],"replies":[{"embeddable":true,"href":"https:\/\/rna.ao\/rna.ao\/wp-json\/wp\/v2\/comments?post=141534"}],"version-history":[{"count":2,"href":"https:\/\/rna.ao\/rna.ao\/wp-json\/wp\/v2\/posts\/141534\/revisions"}],"predecessor-version":[{"id":141539,"href":"https:\/\/rna.ao\/rna.ao\/wp-json\/wp\/v2\/posts\/141534\/revisions\/141539"}],"wp:featuredmedia":[{"embeddable":true,"href":"https:\/\/rna.ao\/rna.ao\/wp-json\/wp\/v2\/media\/141536"}],"wp:attachment":[{"href":"https:\/\/rna.ao\/rna.ao\/wp-json\/wp\/v2\/media?parent=141534"}],"wp:term":[{"taxonomy":"category","embeddable":true,"href":"https:\/\/rna.ao\/rna.ao\/wp-json\/wp\/v2\/categories?post=141534"},{"taxonomy":"post_tag","embeddable":true,"href":"https:\/\/rna.ao\/rna.ao\/wp-json\/wp\/v2\/tags?post=141534"}],"curies":[{"name":"wp","href":"https:\/\/api.w.org\/{rel}","templated":true}]}}