{"id":141129,"date":"2024-05-21T09:14:15","date_gmt":"2024-05-21T08:14:15","guid":{"rendered":"https:\/\/rna.ao\/rna.ao\/?p=141129"},"modified":"2024-05-21T09:14:15","modified_gmt":"2024-05-21T08:14:15","slug":"joao-lourenco-invite-a-participer-a-linvestiture-du-chef-de-letat-du-salvador","status":"publish","type":"post","link":"https:\/\/rna.ao\/rna.ao\/2024\/05\/21\/joao-lourenco-invite-a-participer-a-linvestiture-du-chef-de-letat-du-salvador\/","title":{"rendered":"Jo\u00e3o Louren\u00e7o invit\u00e9 \u00e0 participer \u00e0 l&#8217;investiture du Chef de l&#8217;\u00c9tat du Salvador"},"content":{"rendered":"<p><img loading=\"lazy\" class=\"size-full wp-image-139505 aligncenter\" src=\"https:\/\/rna.ao\/rna.ao\/wp-content\/uploads\/2024\/05\/Joao-Lourenco-3.jpg\" alt=\"\" width=\"346\" height=\"194\" \/>Le Pr\u00e9sident de la R\u00e9publique , Jo\u00e3o Louren\u00e7o, a \u00e9t\u00e9 invit\u00e9 \u00e0 participer \u00e0 la c\u00e9r\u00e9monie d&#8217;investiture du Pr\u00e9sident elu du Salvador, Nayib Bukele, qui aura lieu le 1er juin.<\/p>\n<p>L&#8217;invitation a \u00e9t\u00e9 remise le mercredi dernier au repr\u00e9sentant permanent de l&#8217;Angola aupr\u00e8s des Nations Unies, Francisco Jos\u00e9 da Cruz.<\/p>\n<p>La repr\u00e9sentante permanente du Salvador aupr\u00e8s des Nations Unies, Egriselda L\u00f3pez a \u00e9t\u00e9 la porteuse de l\u2019invitation.\u00a0L&#8217;occasion a permis,egalement, a l&#8217;ambassadeur Francisco Jos\u00e9 da Cruz\u00a0 de f\u00e9liciter son homologue pour la victoire significative du Pr\u00e9sident r\u00e9\u00e9lu du Salvador, qui, selon le diplomate angolais , repr\u00e9sente la volont\u00e9 des Salvadoriens exprim\u00e9e lors des \u00e9lections.<\/p>\n\t<div class=\"qtmplayer-playlist-large\">\n\t\t<ul class=\"qtmplayer-playlist\">\n\t\t\t\n\t\t\t\t\t<li class=\"qtmplayer-trackitem\">\n\t\t<img src=\"https:\/\/rna.ao\/rna.ao\/wp-content\/uploads\/2024\/05\/Joao-Lourenco-3-100x100.jpg\" alt=\"cover\">\t\t<span \t\t\tdata-qtmplayer-cover=\"https:\/\/rna.ao\/rna.ao\/wp-content\/uploads\/2024\/05\/Joao-Lourenco-3.jpg\"\n\t\t\t\t\t\tdata-qtmplayer-file=\"https:\/\/rna.ao\/rna.ao\/wp-content\/uploads\/2024\/05\/PR-NA-INVESTIDURA-NO-SALVADOR.mp3\"\n\t\t\t\t\t\tdata-qtmplayer-title=\"Jo\u00e3o Louren\u00e7o invit\u00e9 \u00e0 participer \u00e0 l&#8217;investiture du Chef de l&#8217;\u00c9tat du Salvador\"\n\t\t\t\t\t\tdata-qtmplayer-artist=\"Jo\u00e3o Augusto\"\n\t\t\t\t\t\tdata-qtmplayer-link=\"https:\/\/rna.ao\/rna.ao\/2024\/05\/21\/joao-lourenco-invite-a-participer-a-linvestiture-du-chef-de-letat-du-salvador\/\"\n\t\t\t\t\t\tdata-qtmplayer-icon=\"file_download\"\n\t\t\t\t\t\tdata-qtmplayer-type=\"track\"\n\t\t\t class=\"qtmplayer-play qtmplayer-link-sec qtmplayer-play-btn\"><i class='material-icons'>play_arrow<\/i><\/span>\n\t\t<p>\n\t\t\t<span class=\"qtmplayer-tit\">Jo\u00e3o Louren\u00e7o invit\u00e9 \u00e0 participer \u00e0 l&#8217;investiture du Chef de l&#8217;\u00c9tat du Salvador<\/span>\n\t\t\t<span class=\"qtmplayer-art\">Jo\u00e3o Augusto<\/span>\n\t\t<\/p>\n\t<\/li>\n\t\t<\/ul>\n\t<\/div>\t\t\t\n\t\n","protected":false},"excerpt":{"rendered":"<p>Le Pr\u00e9sident de la R\u00e9publique , Jo\u00e3o Louren\u00e7o, a \u00e9t\u00e9 invit\u00e9 \u00e0 participer \u00e0 la c\u00e9r\u00e9monie d&#8217;investiture du Pr\u00e9sident elu du Salvador, Nayib Bukele, qui aura lieu le 1er juin. L&#8217;invitation a \u00e9t\u00e9 remise le mercredi dernier au repr\u00e9sentant permanent de l&#8217;Angola aupr\u00e8s des Nations Unies, Francisco Jos\u00e9 da Cruz. ...<\/p>\n","protected":false},"author":15,"featured_media":139505,"comment_status":"closed","ping_status":"closed","sticky":false,"template":"","format":"standard","meta":[],"categories":[143,137],"tags":[],"_links":{"self":[{"href":"https:\/\/rna.ao\/rna.ao\/wp-json\/wp\/v2\/posts\/141129"}],"collection":[{"href":"https:\/\/rna.ao\/rna.ao\/wp-json\/wp\/v2\/posts"}],"about":[{"href":"https:\/\/rna.ao\/rna.ao\/wp-json\/wp\/v2\/types\/post"}],"author":[{"embeddable":true,"href":"https:\/\/rna.ao\/rna.ao\/wp-json\/wp\/v2\/users\/15"}],"replies":[{"embeddable":true,"href":"https:\/\/rna.ao\/rna.ao\/wp-json\/wp\/v2\/comments?post=141129"}],"version-history":[{"count":1,"href":"https:\/\/rna.ao\/rna.ao\/wp-json\/wp\/v2\/posts\/141129\/revisions"}],"predecessor-version":[{"id":141131,"href":"https:\/\/rna.ao\/rna.ao\/wp-json\/wp\/v2\/posts\/141129\/revisions\/141131"}],"wp:featuredmedia":[{"embeddable":true,"href":"https:\/\/rna.ao\/rna.ao\/wp-json\/wp\/v2\/media\/139505"}],"wp:attachment":[{"href":"https:\/\/rna.ao\/rna.ao\/wp-json\/wp\/v2\/media?parent=141129"}],"wp:term":[{"taxonomy":"category","embeddable":true,"href":"https:\/\/rna.ao\/rna.ao\/wp-json\/wp\/v2\/categories?post=141129"},{"taxonomy":"post_tag","embeddable":true,"href":"https:\/\/rna.ao\/rna.ao\/wp-json\/wp\/v2\/tags?post=141129"}],"curies":[{"name":"wp","href":"https:\/\/api.w.org\/{rel}","templated":true}]}}