{"id":140420,"date":"2024-05-15T14:08:58","date_gmt":"2024-05-15T13:08:58","guid":{"rendered":"https:\/\/rna.ao\/rna.ao\/?p=140420"},"modified":"2024-05-15T14:08:58","modified_gmt":"2024-05-15T13:08:58","slug":"carolina-cerqueira-participa-na-conferencia-mundial-de-presidentes-de-parlamentos","status":"publish","type":"post","link":"https:\/\/rna.ao\/rna.ao\/2024\/05\/15\/carolina-cerqueira-participa-na-conferencia-mundial-de-presidentes-de-parlamentos\/","title":{"rendered":"Carolina Cerqueira participa na Confer\u00eancia Mundial de Presidentes de Parlamentos"},"content":{"rendered":"<p style=\"font-weight: 400;\"><img loading=\"lazy\" class=\"alignnone size-medium wp-image-140426\" src=\"https:\/\/rna.ao\/rna.ao\/wp-content\/uploads\/2024\/05\/735a8524-7b96-4cfe-80b5-6a8008e8a4e6-770x513.jpeg\" alt=\"\" width=\"770\" height=\"513\" srcset=\"https:\/\/rna.ao\/rna.ao\/wp-content\/uploads\/2024\/05\/735a8524-7b96-4cfe-80b5-6a8008e8a4e6-770x513.jpeg 770w, https:\/\/rna.ao\/rna.ao\/wp-content\/uploads\/2024\/05\/735a8524-7b96-4cfe-80b5-6a8008e8a4e6-1170x780.jpeg 1170w, https:\/\/rna.ao\/rna.ao\/wp-content\/uploads\/2024\/05\/735a8524-7b96-4cfe-80b5-6a8008e8a4e6-768x512.jpeg 768w, https:\/\/rna.ao\/rna.ao\/wp-content\/uploads\/2024\/05\/735a8524-7b96-4cfe-80b5-6a8008e8a4e6-1536x1023.jpeg 1536w, https:\/\/rna.ao\/rna.ao\/wp-content\/uploads\/2024\/05\/735a8524-7b96-4cfe-80b5-6a8008e8a4e6.jpeg 1600w\" sizes=\"(max-width: 770px) 100vw, 770px\" \/><br \/>\nA Presidente da Assembleia Nacional participa amanh\u00e3 em Genebra, na primeira reuni\u00e3o preparat\u00f3ria da conferencia mundial dos presidentes de parlamentos.<\/p>\n<p style=\"font-weight: 400;\">O evento acontece no \u00e2mbito da uni\u00e3o interparlamentar , e re\u00fane os presidentes eleitos na ultima assembleia da UIP .<\/p>\n<p style=\"font-weight: 400;\">Carolina Cerqueira vai representar a regi\u00e3o austral do continente africano e leva na bagagem toda uma experi\u00eancia acumuladas. Clique no \u00e1udio abaixo e ou\u00e7a<\/p>\n\t<div class=\"qtmplayer-playlist-large\">\n\t\t<ul class=\"qtmplayer-playlist\">\n\t\t\t\n\t\t\t\t\t<li class=\"qtmplayer-trackitem\">\n\t\t<img src=\"https:\/\/rna.ao\/rna.ao\/wp-content\/uploads\/2024\/05\/079edc10-3adc-48f6-9157-05051cd7dc77-100x100.jpeg\" alt=\"cover\">\t\t<span \t\t\tdata-qtmplayer-cover=\"https:\/\/rna.ao\/rna.ao\/wp-content\/uploads\/2024\/05\/079edc10-3adc-48f6-9157-05051cd7dc77-370x370.jpeg\"\n\t\t\t\t\t\tdata-qtmplayer-file=\"https:\/\/rna.ao\/rna.ao\/wp-content\/uploads\/2024\/05\/CAROLINA-CERQUEIRA-1-13HRS.mp3\"\n\t\t\t\t\t\tdata-qtmplayer-title=\"Carolina Cerqueira participa na Confer\u00eancia Mundial de Presidentes de Parlamentos\"\n\t\t\t\t\t\tdata-qtmplayer-artist=\"Carla\"\n\t\t\t\t\t\tdata-qtmplayer-link=\"https:\/\/rna.ao\/rna.ao\/2024\/05\/15\/carolina-cerqueira-participa-na-conferencia-mundial-de-presidentes-de-parlamentos\/\"\n\t\t\t\t\t\tdata-qtmplayer-icon=\"file_download\"\n\t\t\t\t\t\tdata-qtmplayer-type=\"track\"\n\t\t\t class=\"qtmplayer-play qtmplayer-link-sec qtmplayer-play-btn\"><i class='material-icons'>play_arrow<\/i><\/span>\n\t\t<p>\n\t\t\t<span class=\"qtmplayer-tit\">Carolina Cerqueira participa na Confer\u00eancia Mundial de Presidentes de Parlamentos<\/span>\n\t\t\t<span class=\"qtmplayer-art\">Carla<\/span>\n\t\t<\/p>\n\t<\/li>\n\t\t<\/ul>\n\t<\/div>\t\t\t\n\t\n<p style=\"font-weight: 400;\">Carolinas Cerqueira destacou o papel dos parlamentos na preserva\u00e7\u00e3o da paz e anunciou para julho deste ano aqui em Luanda, \u00a0a 55\u00aa assembleia plen\u00e1ria da SADEC. Clique no \u00e1udio abaixo e ou\u00e7a<\/p>\n\t<div class=\"qtmplayer-playlist-large\">\n\t\t<ul class=\"qtmplayer-playlist\">\n\t\t\t\n\t\t\t\t\t<li class=\"qtmplayer-trackitem\">\n\t\t<img src=\"https:\/\/rna.ao\/rna.ao\/wp-content\/uploads\/2024\/05\/079edc10-3adc-48f6-9157-05051cd7dc77-100x100.jpeg\" alt=\"cover\">\t\t<span \t\t\tdata-qtmplayer-cover=\"https:\/\/rna.ao\/rna.ao\/wp-content\/uploads\/2024\/05\/079edc10-3adc-48f6-9157-05051cd7dc77-370x370.jpeg\"\n\t\t\t\t\t\tdata-qtmplayer-file=\"https:\/\/rna.ao\/rna.ao\/wp-content\/uploads\/2024\/05\/CAROLINA-CERQUEIRA-2-13HRS.mp3\"\n\t\t\t\t\t\tdata-qtmplayer-title=\"Carolina Cerqueira participa na Confer\u00eancia Mundial de Presidentes de Parlamentos\"\n\t\t\t\t\t\tdata-qtmplayer-artist=\"Carla\"\n\t\t\t\t\t\tdata-qtmplayer-link=\"https:\/\/rna.ao\/rna.ao\/2024\/05\/15\/carolina-cerqueira-participa-na-conferencia-mundial-de-presidentes-de-parlamentos\/\"\n\t\t\t\t\t\tdata-qtmplayer-icon=\"file_download\"\n\t\t\t\t\t\tdata-qtmplayer-type=\"track\"\n\t\t\t class=\"qtmplayer-play qtmplayer-link-sec qtmplayer-play-btn\"><i class='material-icons'>play_arrow<\/i><\/span>\n\t\t<p>\n\t\t\t<span class=\"qtmplayer-tit\">Carolina Cerqueira participa na Confer\u00eancia Mundial de Presidentes de Parlamentos<\/span>\n\t\t\t<span class=\"qtmplayer-art\">Carla<\/span>\n\t\t<\/p>\n\t<\/li>\n\t\t<\/ul>\n\t<\/div>\t\t\t\n\t\n","protected":false},"excerpt":{"rendered":"<p>A Presidente da Assembleia Nacional participa amanh\u00e3 em Genebra, na primeira reuni\u00e3o preparat\u00f3ria da conferencia mundial dos presidentes de parlamentos. O evento acontece no \u00e2mbito da uni\u00e3o interparlamentar , e re\u00fane os presidentes eleitos na ultima assembleia da UIP . Carolina Cerqueira vai representar a regi\u00e3o austral do continente africano ...<\/p>\n","protected":false},"author":10,"featured_media":140427,"comment_status":"closed","ping_status":"closed","sticky":false,"template":"","format":"standard","meta":[],"categories":[142,121,164,163,1],"tags":[],"_links":{"self":[{"href":"https:\/\/rna.ao\/rna.ao\/wp-json\/wp\/v2\/posts\/140420"}],"collection":[{"href":"https:\/\/rna.ao\/rna.ao\/wp-json\/wp\/v2\/posts"}],"about":[{"href":"https:\/\/rna.ao\/rna.ao\/wp-json\/wp\/v2\/types\/post"}],"author":[{"embeddable":true,"href":"https:\/\/rna.ao\/rna.ao\/wp-json\/wp\/v2\/users\/10"}],"replies":[{"embeddable":true,"href":"https:\/\/rna.ao\/rna.ao\/wp-json\/wp\/v2\/comments?post=140420"}],"version-history":[{"count":3,"href":"https:\/\/rna.ao\/rna.ao\/wp-json\/wp\/v2\/posts\/140420\/revisions"}],"predecessor-version":[{"id":140428,"href":"https:\/\/rna.ao\/rna.ao\/wp-json\/wp\/v2\/posts\/140420\/revisions\/140428"}],"wp:featuredmedia":[{"embeddable":true,"href":"https:\/\/rna.ao\/rna.ao\/wp-json\/wp\/v2\/media\/140427"}],"wp:attachment":[{"href":"https:\/\/rna.ao\/rna.ao\/wp-json\/wp\/v2\/media?parent=140420"}],"wp:term":[{"taxonomy":"category","embeddable":true,"href":"https:\/\/rna.ao\/rna.ao\/wp-json\/wp\/v2\/categories?post=140420"},{"taxonomy":"post_tag","embeddable":true,"href":"https:\/\/rna.ao\/rna.ao\/wp-json\/wp\/v2\/tags?post=140420"}],"curies":[{"name":"wp","href":"https:\/\/api.w.org\/{rel}","templated":true}]}}