{"id":13967,"date":"2020-12-28T08:40:21","date_gmt":"2020-12-28T07:40:21","guid":{"rendered":"https:\/\/rna.ao\/rna.ao\/?p=13967"},"modified":"2020-12-28T08:40:21","modified_gmt":"2020-12-28T07:40:21","slug":"lider-religioso-considera-como-simbolico-a-data-de-nascimento-de-jesus-cristo","status":"publish","type":"post","link":"https:\/\/rna.ao\/rna.ao\/2020\/12\/28\/lider-religioso-considera-como-simbolico-a-data-de-nascimento-de-jesus-cristo\/","title":{"rendered":"L\u00edder religioso considera como simb\u00f3lico a data de nascimento de Jesus Cristo"},"content":{"rendered":"<p>Sim\u00e3o Kupessela, pastor e conselheiro matrimonial considerou o dia 25 de dezembro como uma data simb\u00f3lica do nascimento de Jesus Cristo.<\/p>\n<p>Segundo o pastor que falava a reportagem do (CI) canal internacional, a data exata n\u00e3o foi registada.<\/p>\n\t<div class=\"qtmplayer-playlist-large\">\n\t\t<ul class=\"qtmplayer-playlist\">\n\t\t\t\n\t\t\t\t\t<li class=\"qtmplayer-trackitem\">\n\t\t<img src=\"https:\/\/rna.ao\/rna.ao\/wp-content\/uploads\/2020\/12\/NNatal-100x100.jpg\" alt=\"cover\">\t\t<span \t\t\tdata-qtmplayer-cover=\"https:\/\/rna.ao\/rna.ao\/wp-content\/uploads\/2020\/12\/NNatal.jpg\"\n\t\t\t\t\t\tdata-qtmplayer-file=\"https:\/\/rna.ao\/rna.ao\/wp-content\/uploads\/2020\/12\/PECA-ISAAC-RESENDE-LIDER-RELIGIOSO-28.12.2020.mp3\"\n\t\t\t\t\t\tdata-qtmplayer-title=\"L\u00edder religioso considera como simb\u00f3lico a data de nascimento de Jesus Cristo\"\n\t\t\t\t\t\tdata-qtmplayer-artist=\"RNA\"\n\t\t\t\t\t\tdata-qtmplayer-link=\"https:\/\/rna.ao\/rna.ao\/2020\/12\/28\/lider-religioso-considera-como-simbolico-a-data-de-nascimento-de-jesus-cristo\/\"\n\t\t\t\t\t\tdata-qtmplayer-icon=\"file_download\"\n\t\t\t\t\t\tdata-qtmplayer-type=\"track\"\n\t\t\t class=\"qtmplayer-play qtmplayer-link-sec qtmplayer-play-btn\"><i class='material-icons'>play_arrow<\/i><\/span>\n\t\t<p>\n\t\t\t<span class=\"qtmplayer-tit\">L\u00edder religioso considera como simb\u00f3lico a data de nascimento de Jesus Cristo<\/span>\n\t\t\t<span class=\"qtmplayer-art\">RNA<\/span>\n\t\t<\/p>\n\t<\/li>\n\t\t<\/ul>\n\t<\/div>\t\t\t\n\t\n<p>&nbsp;<\/p>\n","protected":false},"excerpt":{"rendered":"<p>Sim\u00e3o Kupessela, pastor e conselheiro matrimonial considerou o dia 25 de dezembro como uma data simb\u00f3lica do nascimento de Jesus Cristo. Segundo o pastor que falava a reportagem do (CI) canal internacional, a data exata n\u00e3o foi registada. &nbsp;<\/p>\n","protected":false},"author":8,"featured_media":13969,"comment_status":"closed","ping_status":"closed","sticky":false,"template":"","format":"standard","meta":[],"categories":[143,137],"tags":[],"_links":{"self":[{"href":"https:\/\/rna.ao\/rna.ao\/wp-json\/wp\/v2\/posts\/13967"}],"collection":[{"href":"https:\/\/rna.ao\/rna.ao\/wp-json\/wp\/v2\/posts"}],"about":[{"href":"https:\/\/rna.ao\/rna.ao\/wp-json\/wp\/v2\/types\/post"}],"author":[{"embeddable":true,"href":"https:\/\/rna.ao\/rna.ao\/wp-json\/wp\/v2\/users\/8"}],"replies":[{"embeddable":true,"href":"https:\/\/rna.ao\/rna.ao\/wp-json\/wp\/v2\/comments?post=13967"}],"version-history":[{"count":1,"href":"https:\/\/rna.ao\/rna.ao\/wp-json\/wp\/v2\/posts\/13967\/revisions"}],"predecessor-version":[{"id":13970,"href":"https:\/\/rna.ao\/rna.ao\/wp-json\/wp\/v2\/posts\/13967\/revisions\/13970"}],"wp:featuredmedia":[{"embeddable":true,"href":"https:\/\/rna.ao\/rna.ao\/wp-json\/wp\/v2\/media\/13969"}],"wp:attachment":[{"href":"https:\/\/rna.ao\/rna.ao\/wp-json\/wp\/v2\/media?parent=13967"}],"wp:term":[{"taxonomy":"category","embeddable":true,"href":"https:\/\/rna.ao\/rna.ao\/wp-json\/wp\/v2\/categories?post=13967"},{"taxonomy":"post_tag","embeddable":true,"href":"https:\/\/rna.ao\/rna.ao\/wp-json\/wp\/v2\/tags?post=13967"}],"curies":[{"name":"wp","href":"https:\/\/api.w.org\/{rel}","templated":true}]}}