{"id":13946,"date":"2020-12-28T07:29:20","date_gmt":"2020-12-28T06:29:20","guid":{"rendered":"https:\/\/rna.ao\/rna.ao\/?p=13946"},"modified":"2020-12-28T07:34:14","modified_gmt":"2020-12-28T06:34:14","slug":"economista-defende-continuidade-das-reformas-nos-varios-sectores-do-pais","status":"publish","type":"post","link":"https:\/\/rna.ao\/rna.ao\/2020\/12\/28\/economista-defende-continuidade-das-reformas-nos-varios-sectores-do-pais\/","title":{"rendered":"Economista defende continuidade das reformas nos v\u00e1rios sectores do pa\u00eds"},"content":{"rendered":"<p><img loading=\"lazy\" class=\"size-full wp-image-11455 alignleft\" src=\"https:\/\/rna.ao\/rna.ao\/wp-content\/uploads\/2020\/11\/Rui-Malaquias-33.jpg\" alt=\"\" width=\"270\" height=\"186\" \/>O economista, Rui Malaquias, considera desafiadoras as perspectivas econ\u00f3micas do nosso pa\u00eds, para o pr\u00f3ximo ano.<\/p>\n<p>Rui Malaquias admite, que com a vacina da Covid-19 as economias mundiais devem come\u00e7ar a desconfiar. O economista aponta, tamb\u00e9m, que uma poss\u00edvel subida do pre\u00e7o do Barril do petr\u00f3leo, no mercado internacional, poder\u00e1 ajudar a relan\u00e7ar a economia angolana.<\/p>\n<p>O economista disse, ainda, que 2021 deve ser o ano da continuidade das reformas, que o Estado tem vindo a fazer no pa\u00eds.<\/p>\n<p>Rui Malaquias considera ser necess\u00e1rio estas reformas que podem criar confian\u00e7a, para o rein\u00edcio do crescimento da nossa economia, nos pr\u00f3ximos meses. Clique, em baixo, e ou\u00e7a:<\/p>\n\t<div class=\"qtmplayer-playlist-large\">\n\t\t<ul class=\"qtmplayer-playlist\">\n\t\t\t\n\t\t\t\t\t<li class=\"qtmplayer-trackitem\">\n\t\t<img src=\"https:\/\/rna.ao\/rna.ao\/wp-content\/uploads\/2020\/12\/RUIMALAQUIAS7-100x100.jpg\" alt=\"cover\">\t\t<span \t\t\tdata-qtmplayer-cover=\"https:\/\/rna.ao\/rna.ao\/wp-content\/uploads\/2020\/12\/RUIMALAQUIAS7.jpg\"\n\t\t\t\t\t\tdata-qtmplayer-file=\"https:\/\/rna.ao\/rna.ao\/wp-content\/uploads\/2020\/12\/RUI-MALAQUIAS.mp3\"\n\t\t\t\t\t\tdata-qtmplayer-title=\"Economista defende continuidade das reformas nos v\u00e1rios sectores do pa\u00eds\"\n\t\t\t\t\t\tdata-qtmplayer-artist=\"RNA\"\n\t\t\t\t\t\tdata-qtmplayer-link=\"https:\/\/rna.ao\/rna.ao\/2020\/12\/28\/economista-defende-continuidade-das-reformas-nos-varios-sectores-do-pais\/\"\n\t\t\t\t\t\tdata-qtmplayer-icon=\"file_download\"\n\t\t\t\t\t\tdata-qtmplayer-type=\"track\"\n\t\t\t class=\"qtmplayer-play qtmplayer-link-sec qtmplayer-play-btn\"><i class='material-icons'>play_arrow<\/i><\/span>\n\t\t<p>\n\t\t\t<span class=\"qtmplayer-tit\">Economista defende continuidade das reformas nos v\u00e1rios sectores do pa\u00eds<\/span>\n\t\t\t<span class=\"qtmplayer-art\">RNA<\/span>\n\t\t<\/p>\n\t<\/li>\n\t\t<\/ul>\n\t<\/div>\t\t\t\n\t\n<p>Fonte: RNA<\/p>\n","protected":false},"excerpt":{"rendered":"<p>O economista, Rui Malaquias, considera desafiadoras as perspectivas econ\u00f3micas do nosso pa\u00eds, para o pr\u00f3ximo ano. Rui Malaquias admite, que com a vacina da Covid-19 as economias mundiais devem come\u00e7ar a desconfiar. O economista aponta, tamb\u00e9m, que uma poss\u00edvel subida do pre\u00e7o do Barril do petr\u00f3leo, no mercado internacional, poder\u00e1 ...<\/p>\n","protected":false},"author":8,"featured_media":13950,"comment_status":"closed","ping_status":"closed","sticky":false,"template":"","format":"standard","meta":[],"categories":[121,163],"tags":[],"_links":{"self":[{"href":"https:\/\/rna.ao\/rna.ao\/wp-json\/wp\/v2\/posts\/13946"}],"collection":[{"href":"https:\/\/rna.ao\/rna.ao\/wp-json\/wp\/v2\/posts"}],"about":[{"href":"https:\/\/rna.ao\/rna.ao\/wp-json\/wp\/v2\/types\/post"}],"author":[{"embeddable":true,"href":"https:\/\/rna.ao\/rna.ao\/wp-json\/wp\/v2\/users\/8"}],"replies":[{"embeddable":true,"href":"https:\/\/rna.ao\/rna.ao\/wp-json\/wp\/v2\/comments?post=13946"}],"version-history":[{"count":1,"href":"https:\/\/rna.ao\/rna.ao\/wp-json\/wp\/v2\/posts\/13946\/revisions"}],"predecessor-version":[{"id":13948,"href":"https:\/\/rna.ao\/rna.ao\/wp-json\/wp\/v2\/posts\/13946\/revisions\/13948"}],"wp:featuredmedia":[{"embeddable":true,"href":"https:\/\/rna.ao\/rna.ao\/wp-json\/wp\/v2\/media\/13950"}],"wp:attachment":[{"href":"https:\/\/rna.ao\/rna.ao\/wp-json\/wp\/v2\/media?parent=13946"}],"wp:term":[{"taxonomy":"category","embeddable":true,"href":"https:\/\/rna.ao\/rna.ao\/wp-json\/wp\/v2\/categories?post=13946"},{"taxonomy":"post_tag","embeddable":true,"href":"https:\/\/rna.ao\/rna.ao\/wp-json\/wp\/v2\/tags?post=13946"}],"curies":[{"name":"wp","href":"https:\/\/api.w.org\/{rel}","templated":true}]}}