{"id":13940,"date":"2020-12-28T07:19:18","date_gmt":"2020-12-28T06:19:18","guid":{"rendered":"https:\/\/rna.ao\/rna.ao\/?p=13940"},"modified":"2020-12-28T07:19:40","modified_gmt":"2020-12-28T06:19:40","slug":"programa-de-reconversao-da-economia-informal-conta-com-apoio-de-20-milhoes-de-euros-da-ue","status":"publish","type":"post","link":"https:\/\/rna.ao\/rna.ao\/2020\/12\/28\/programa-de-reconversao-da-economia-informal-conta-com-apoio-de-20-milhoes-de-euros-da-ue\/","title":{"rendered":"Programa de reconvers\u00e3o da Economia informal conta com apoio de 20 milh\u00f5es de euros da UE"},"content":{"rendered":"<p><img loading=\"lazy\" class=\"size-full wp-image-13942 alignleft\" src=\"https:\/\/rna.ao\/rna.ao\/wp-content\/uploads\/2020\/12\/Bandeiras-Uniao-Europeia-e-Angola.jpg\" alt=\"\" width=\"268\" height=\"150\" \/><\/p>\n<p>A Uni\u00e3o Europeia (UE) vai doar vinte milh\u00f5es de Euros, para apoiar o Programa de Reconvers\u00e3o da Economia Informal em Angola.<\/p>\n<p>Neste sentido, o Ministro da Economia e Planeamento, S\u00e9rgio santos, assina esta segunda-feira, 28 de Dezembro, em Luanda, o acordo de doa\u00e7\u00e3o, com o Ordenador nacional para o Fundo Europeu de Desenvolvimento, e com a Embaixadora e chefe da delega\u00e7\u00e3o da Uni\u00e3o Europeia em Angola, Jannette Seppen. Ou\u00e7a, em baixo, toda a informa\u00e7\u00e3o na reportagem do Jornalista Manuel Esperan\u00e7a:<\/p>\n\t<div class=\"qtmplayer-playlist-large\">\n\t\t<ul class=\"qtmplayer-playlist\">\n\t\t\t\n\t\t\t\t\t<li class=\"qtmplayer-trackitem\">\n\t\t<img src=\"https:\/\/rna.ao\/rna.ao\/wp-content\/uploads\/2020\/12\/Uniao-Europeia-100x100.jpg\" alt=\"cover\">\t\t<span \t\t\tdata-qtmplayer-cover=\"https:\/\/rna.ao\/rna.ao\/wp-content\/uploads\/2020\/12\/Uniao-Europeia.jpg\"\n\t\t\t\t\t\tdata-qtmplayer-file=\"https:\/\/rna.ao\/rna.ao\/wp-content\/uploads\/2020\/12\/MANUEL-ESPERANCA-07-HRS-2.mp3\"\n\t\t\t\t\t\tdata-qtmplayer-title=\"Programa de reconvers\u00e3o da Economia informal conta com apoio de 20 milh\u00f5es de euros da UE\"\n\t\t\t\t\t\tdata-qtmplayer-artist=\"RNA\"\n\t\t\t\t\t\tdata-qtmplayer-link=\"https:\/\/rna.ao\/rna.ao\/2020\/12\/28\/programa-de-reconversao-da-economia-informal-conta-com-apoio-de-20-milhoes-de-euros-da-ue\/\"\n\t\t\t\t\t\tdata-qtmplayer-icon=\"file_download\"\n\t\t\t\t\t\tdata-qtmplayer-type=\"track\"\n\t\t\t class=\"qtmplayer-play qtmplayer-link-sec qtmplayer-play-btn\"><i class='material-icons'>play_arrow<\/i><\/span>\n\t\t<p>\n\t\t\t<span class=\"qtmplayer-tit\">Programa de reconvers\u00e3o da Economia informal conta com apoio de 20 milh\u00f5es de euros da UE<\/span>\n\t\t\t<span class=\"qtmplayer-art\">RNA<\/span>\n\t\t<\/p>\n\t<\/li>\n\t\t<\/ul>\n\t<\/div>\t\t\t\n\t\n<p>Fonte: RNA<\/p>\n","protected":false},"excerpt":{"rendered":"<p>A Uni\u00e3o Europeia (UE) vai doar vinte milh\u00f5es de Euros, para apoiar o Programa de Reconvers\u00e3o da Economia Informal em Angola. Neste sentido, o Ministro da Economia e Planeamento, S\u00e9rgio santos, assina esta segunda-feira, 28 de Dezembro, em Luanda, o acordo de doa\u00e7\u00e3o, com o Ordenador nacional para o Fundo ...<\/p>\n","protected":false},"author":8,"featured_media":13943,"comment_status":"closed","ping_status":"closed","sticky":false,"template":"","format":"standard","meta":[],"categories":[142,164,163],"tags":[],"_links":{"self":[{"href":"https:\/\/rna.ao\/rna.ao\/wp-json\/wp\/v2\/posts\/13940"}],"collection":[{"href":"https:\/\/rna.ao\/rna.ao\/wp-json\/wp\/v2\/posts"}],"about":[{"href":"https:\/\/rna.ao\/rna.ao\/wp-json\/wp\/v2\/types\/post"}],"author":[{"embeddable":true,"href":"https:\/\/rna.ao\/rna.ao\/wp-json\/wp\/v2\/users\/8"}],"replies":[{"embeddable":true,"href":"https:\/\/rna.ao\/rna.ao\/wp-json\/wp\/v2\/comments?post=13940"}],"version-history":[{"count":2,"href":"https:\/\/rna.ao\/rna.ao\/wp-json\/wp\/v2\/posts\/13940\/revisions"}],"predecessor-version":[{"id":13945,"href":"https:\/\/rna.ao\/rna.ao\/wp-json\/wp\/v2\/posts\/13940\/revisions\/13945"}],"wp:featuredmedia":[{"embeddable":true,"href":"https:\/\/rna.ao\/rna.ao\/wp-json\/wp\/v2\/media\/13943"}],"wp:attachment":[{"href":"https:\/\/rna.ao\/rna.ao\/wp-json\/wp\/v2\/media?parent=13940"}],"wp:term":[{"taxonomy":"category","embeddable":true,"href":"https:\/\/rna.ao\/rna.ao\/wp-json\/wp\/v2\/categories?post=13940"},{"taxonomy":"post_tag","embeddable":true,"href":"https:\/\/rna.ao\/rna.ao\/wp-json\/wp\/v2\/tags?post=13940"}],"curies":[{"name":"wp","href":"https:\/\/api.w.org\/{rel}","templated":true}]}}