{"id":13880,"date":"2020-12-25T21:19:24","date_gmt":"2020-12-25T20:19:24","guid":{"rendered":"https:\/\/rna.ao\/rna.ao\/?p=13880"},"modified":"2020-12-25T21:19:24","modified_gmt":"2020-12-25T20:19:24","slug":"programa-de-massificacao-de-registo-emissao-de-assentos-de-nascimento-e-bi-tem-ambito-alargado","status":"publish","type":"post","link":"https:\/\/rna.ao\/rna.ao\/2020\/12\/25\/programa-de-massificacao-de-registo-emissao-de-assentos-de-nascimento-e-bi-tem-ambito-alargado\/","title":{"rendered":"Programa de massifica\u00e7\u00e3o de registo: Emiss\u00e3o de Assentos de Nascimento e BI t\u00eam \u00e2mbito alargado"},"content":{"rendered":"<p><img loading=\"lazy\" class=\"size-full wp-image-12252 alignleft\" src=\"https:\/\/rna.ao\/rna.ao\/wp-content\/uploads\/2020\/11\/Carlos-Cavuquila-.jpg\" alt=\"\" width=\"278\" height=\"186\" \/>O Director Nacional de Identifica\u00e7\u00e3o, Registos e Notariados, Carlos cavuquila, afirma que n\u00e3o \u00e9 obrigat\u00f3rio, os pais que pretendem fazer o registo de nascimento do seu menor, fazer-se acompanhar da crian\u00e7a \u00e0 Conservat\u00f3ria.<\/p>\n<p>Carlos Cavuquila reconhece que a pr\u00e1tica faz morada na consci\u00eancia de muitos funcion\u00e1rios das Conservat\u00f3rias, no pa\u00eds, mas n\u00e3o tem respaldo legal.<\/p>\n<p>Em rela\u00e7\u00e3o as enchentes, que tem sido o cen\u00e1rio habitual em Conservat\u00f3rias, o director nacional de Identifica\u00e7\u00e3o, Registo e Notariado diz que, as mesmas, n\u00e3o se justificam nesta altura em que o Governo tem em marcha, o programa de massifica\u00e7\u00e3o de atribui\u00e7\u00e3o de registo de nascimento e Bilhete de Identidade.<\/p>\n<p>Carlos Cavuquila garante ainda que, o Assento emitido no \u00e2mbito deste programa, tem o mesmo tem o mesmo valor jur\u00eddico, que o chancelado em Conservat\u00f3rias. Clique no \u00e1udio, em baixo, e ou\u00e7a:<\/p>\n\t<div class=\"qtmplayer-playlist-large\">\n\t\t<ul class=\"qtmplayer-playlist\">\n\t\t\t\n\t\t\t\t\t<li class=\"qtmplayer-trackitem\">\n\t\t<img src=\"https:\/\/rna.ao\/rna.ao\/wp-content\/uploads\/2020\/11\/Carlos-Cavuquila--100x100.jpg\" alt=\"cover\">\t\t<span \t\t\tdata-qtmplayer-cover=\"https:\/\/rna.ao\/rna.ao\/wp-content\/uploads\/2020\/11\/Carlos-Cavuquila-.jpg\"\n\t\t\t\t\t\tdata-qtmplayer-file=\"https:\/\/rna.ao\/rna.ao\/wp-content\/uploads\/2020\/12\/CARLOS-CAVUKILA-25-12-20.mp3\"\n\t\t\t\t\t\tdata-qtmplayer-title=\"Programa de massifica\u00e7\u00e3o de registo: Emiss\u00e3o de Assentos de Nascimento e BI t\u00eam \u00e2mbito alargado\"\n\t\t\t\t\t\tdata-qtmplayer-artist=\"RNA\"\n\t\t\t\t\t\tdata-qtmplayer-link=\"https:\/\/rna.ao\/rna.ao\/2020\/12\/25\/programa-de-massificacao-de-registo-emissao-de-assentos-de-nascimento-e-bi-tem-ambito-alargado\/\"\n\t\t\t\t\t\tdata-qtmplayer-icon=\"file_download\"\n\t\t\t\t\t\tdata-qtmplayer-type=\"track\"\n\t\t\t class=\"qtmplayer-play qtmplayer-link-sec qtmplayer-play-btn\"><i class='material-icons'>play_arrow<\/i><\/span>\n\t\t<p>\n\t\t\t<span class=\"qtmplayer-tit\">Programa de massifica\u00e7\u00e3o de registo: Emiss\u00e3o de Assentos de Nascimento e BI t\u00eam \u00e2mbito alargado<\/span>\n\t\t\t<span class=\"qtmplayer-art\">RNA<\/span>\n\t\t<\/p>\n\t<\/li>\n\t\t<\/ul>\n\t<\/div>\t\t\t\n\t\n<p>Fonte: RNA<\/p>\n","protected":false},"excerpt":{"rendered":"<p>O Director Nacional de Identifica\u00e7\u00e3o, Registos e Notariados, Carlos cavuquila, afirma que n\u00e3o \u00e9 obrigat\u00f3rio, os pais que pretendem fazer o registo de nascimento do seu menor, fazer-se acompanhar da crian\u00e7a \u00e0 Conservat\u00f3ria. Carlos Cavuquila reconhece que a pr\u00e1tica faz morada na consci\u00eancia de muitos funcion\u00e1rios das Conservat\u00f3rias, no pa\u00eds, ...<\/p>\n","protected":false},"author":8,"featured_media":12252,"comment_status":"closed","ping_status":"closed","sticky":false,"template":"","format":"standard","meta":[],"categories":[142,163],"tags":[],"_links":{"self":[{"href":"https:\/\/rna.ao\/rna.ao\/wp-json\/wp\/v2\/posts\/13880"}],"collection":[{"href":"https:\/\/rna.ao\/rna.ao\/wp-json\/wp\/v2\/posts"}],"about":[{"href":"https:\/\/rna.ao\/rna.ao\/wp-json\/wp\/v2\/types\/post"}],"author":[{"embeddable":true,"href":"https:\/\/rna.ao\/rna.ao\/wp-json\/wp\/v2\/users\/8"}],"replies":[{"embeddable":true,"href":"https:\/\/rna.ao\/rna.ao\/wp-json\/wp\/v2\/comments?post=13880"}],"version-history":[{"count":1,"href":"https:\/\/rna.ao\/rna.ao\/wp-json\/wp\/v2\/posts\/13880\/revisions"}],"predecessor-version":[{"id":13882,"href":"https:\/\/rna.ao\/rna.ao\/wp-json\/wp\/v2\/posts\/13880\/revisions\/13882"}],"wp:featuredmedia":[{"embeddable":true,"href":"https:\/\/rna.ao\/rna.ao\/wp-json\/wp\/v2\/media\/12252"}],"wp:attachment":[{"href":"https:\/\/rna.ao\/rna.ao\/wp-json\/wp\/v2\/media?parent=13880"}],"wp:term":[{"taxonomy":"category","embeddable":true,"href":"https:\/\/rna.ao\/rna.ao\/wp-json\/wp\/v2\/categories?post=13880"},{"taxonomy":"post_tag","embeddable":true,"href":"https:\/\/rna.ao\/rna.ao\/wp-json\/wp\/v2\/tags?post=13880"}],"curies":[{"name":"wp","href":"https:\/\/api.w.org\/{rel}","templated":true}]}}