{"id":13855,"date":"2020-12-25T11:23:17","date_gmt":"2020-12-25T10:23:17","guid":{"rendered":"https:\/\/rna.ao\/rna.ao\/?p=13855"},"modified":"2020-12-25T11:23:17","modified_gmt":"2020-12-25T10:23:17","slug":"proximo-ano-sera-melhor-por-isso-nao-deixe-o-otimismo-de-lado-vladimir-tararov","status":"publish","type":"post","link":"https:\/\/rna.ao\/rna.ao\/2020\/12\/25\/proximo-ano-sera-melhor-por-isso-nao-deixe-o-otimismo-de-lado-vladimir-tararov\/","title":{"rendered":"\u201cPr\u00f3ximo ano ser\u00e1 melhor por isso n\u00e3o deixe o otimismo de lado, Vladimir Tararov\u201d"},"content":{"rendered":"<p><img loading=\"lazy\" class=\"size-full wp-image-11083 alignleft\" src=\"https:\/\/rna.ao\/rna.ao\/wp-content\/uploads\/2020\/11\/Vladmir-Tararov.jpg\" alt=\"\" width=\"288\" height=\"192\" \/>O embaixador da Russia acreditado em Angola, disse que \u00e9 preciso n\u00e3o deixar de lado o otimismo.<\/p>\n<p>Vladimir Tararov, falava por ocasi\u00e3o da celebra\u00e7\u00e3o da festa de Natal que acontece todos os anos no dia 25 de dezembro.<\/p>\n\t<div class=\"qtmplayer-playlist-large\">\n\t\t<ul class=\"qtmplayer-playlist\">\n\t\t\t\n\t\t\t\t\t<li class=\"qtmplayer-trackitem\">\n\t\t<img src=\"https:\/\/rna.ao\/rna.ao\/wp-content\/uploads\/2020\/11\/Vladmir-Tararov-100x100.jpg\" alt=\"cover\">\t\t<span \t\t\tdata-qtmplayer-cover=\"https:\/\/rna.ao\/rna.ao\/wp-content\/uploads\/2020\/11\/Vladmir-Tararov.jpg\"\n\t\t\t\t\t\tdata-qtmplayer-file=\"https:\/\/rna.ao\/rna.ao\/wp-content\/uploads\/2020\/12\/PECA-ISAAC-RESENDE-VLADIMIR-TARAROV-25.12.2020.mp3\"\n\t\t\t\t\t\tdata-qtmplayer-title=\"\u201cPr\u00f3ximo ano ser\u00e1 melhor por isso n\u00e3o deixe o otimismo de lado, Vladimir Tararov\u201d\"\n\t\t\t\t\t\tdata-qtmplayer-artist=\"RNA\"\n\t\t\t\t\t\tdata-qtmplayer-link=\"https:\/\/rna.ao\/rna.ao\/2020\/12\/25\/proximo-ano-sera-melhor-por-isso-nao-deixe-o-otimismo-de-lado-vladimir-tararov\/\"\n\t\t\t\t\t\tdata-qtmplayer-icon=\"file_download\"\n\t\t\t\t\t\tdata-qtmplayer-type=\"track\"\n\t\t\t class=\"qtmplayer-play qtmplayer-link-sec qtmplayer-play-btn\"><i class='material-icons'>play_arrow<\/i><\/span>\n\t\t<p>\n\t\t\t<span class=\"qtmplayer-tit\">\u201cPr\u00f3ximo ano ser\u00e1 melhor por isso n\u00e3o deixe o otimismo de lado, Vladimir Tararov\u201d<\/span>\n\t\t\t<span class=\"qtmplayer-art\">RNA<\/span>\n\t\t<\/p>\n\t<\/li>\n\t\t<\/ul>\n\t<\/div>\t\t\t\n\t\n","protected":false},"excerpt":{"rendered":"<p>O embaixador da Russia acreditado em Angola, disse que \u00e9 preciso n\u00e3o deixar de lado o otimismo. Vladimir Tararov, falava por ocasi\u00e3o da celebra\u00e7\u00e3o da festa de Natal que acontece todos os anos no dia 25 de dezembro.<\/p>\n","protected":false},"author":8,"featured_media":11083,"comment_status":"closed","ping_status":"closed","sticky":false,"template":"","format":"standard","meta":[],"categories":[143,137],"tags":[],"_links":{"self":[{"href":"https:\/\/rna.ao\/rna.ao\/wp-json\/wp\/v2\/posts\/13855"}],"collection":[{"href":"https:\/\/rna.ao\/rna.ao\/wp-json\/wp\/v2\/posts"}],"about":[{"href":"https:\/\/rna.ao\/rna.ao\/wp-json\/wp\/v2\/types\/post"}],"author":[{"embeddable":true,"href":"https:\/\/rna.ao\/rna.ao\/wp-json\/wp\/v2\/users\/8"}],"replies":[{"embeddable":true,"href":"https:\/\/rna.ao\/rna.ao\/wp-json\/wp\/v2\/comments?post=13855"}],"version-history":[{"count":1,"href":"https:\/\/rna.ao\/rna.ao\/wp-json\/wp\/v2\/posts\/13855\/revisions"}],"predecessor-version":[{"id":13857,"href":"https:\/\/rna.ao\/rna.ao\/wp-json\/wp\/v2\/posts\/13855\/revisions\/13857"}],"wp:featuredmedia":[{"embeddable":true,"href":"https:\/\/rna.ao\/rna.ao\/wp-json\/wp\/v2\/media\/11083"}],"wp:attachment":[{"href":"https:\/\/rna.ao\/rna.ao\/wp-json\/wp\/v2\/media?parent=13855"}],"wp:term":[{"taxonomy":"category","embeddable":true,"href":"https:\/\/rna.ao\/rna.ao\/wp-json\/wp\/v2\/categories?post=13855"},{"taxonomy":"post_tag","embeddable":true,"href":"https:\/\/rna.ao\/rna.ao\/wp-json\/wp\/v2\/tags?post=13855"}],"curies":[{"name":"wp","href":"https:\/\/api.w.org\/{rel}","templated":true}]}}