{"id":13848,"date":"2020-12-25T08:59:01","date_gmt":"2020-12-25T07:59:01","guid":{"rendered":"https:\/\/rna.ao\/rna.ao\/?p=13848"},"modified":"2020-12-26T07:53:51","modified_gmt":"2020-12-26T06:53:51","slug":"presidente-joao-lourenco-deseja-aos-angolanos-paz-e-harmonia-neste-natal","status":"publish","type":"post","link":"https:\/\/rna.ao\/rna.ao\/2020\/12\/25\/presidente-joao-lourenco-deseja-aos-angolanos-paz-e-harmonia-neste-natal\/","title":{"rendered":"Presidente Jo\u00e3o Louren\u00e7o deseja aos angolanos paz e harmonia neste Natal"},"content":{"rendered":"<p><img loading=\"lazy\" class=\"size-full wp-image-10950 alignleft\" src=\"https:\/\/rna.ao\/rna.ao\/wp-content\/uploads\/2020\/11\/JLO-PR-9.jpg\" alt=\"\" width=\"240\" height=\"135\" \/>O Presidente da Rep\u00fablica, Jo\u00e3o Louren\u00e7o, deseja, em mensagem publicada no seu Tweeter, votos de muita sa\u00fade e felicidade, para todos os angolanos, por ocasi\u00e3o do Natal de 2020.<\/p>\n<p>Na sua mensagem de Natal, o Chefe de Estado deseja, igualmente, que haja paz e harmonia nos lares.<\/p>\n<p>&#8220;Por ocasi\u00e3o do Natal deste ano de 2020, nossos votos de muita sa\u00fade e felicidade para todos os angolanos. Que\u00a0 a paz e harmonia, reinem em todos os lares. Feliz Natal&#8221;, escreveu o Presidente de todos os angolanos.<\/p>\n","protected":false},"excerpt":{"rendered":"<p>O Presidente da Rep\u00fablica, Jo\u00e3o Louren\u00e7o, deseja, em mensagem publicada no seu Tweeter, votos de muita sa\u00fade e felicidade, para todos os angolanos, por ocasi\u00e3o do Natal de 2020. Na sua mensagem de Natal, o Chefe de Estado deseja, igualmente, que haja paz e harmonia nos lares. &#8220;Por ocasi\u00e3o do ...<\/p>\n","protected":false},"author":8,"featured_media":10950,"comment_status":"closed","ping_status":"closed","sticky":false,"template":"","format":"standard","meta":[],"categories":[142,121,164],"tags":[],"_links":{"self":[{"href":"https:\/\/rna.ao\/rna.ao\/wp-json\/wp\/v2\/posts\/13848"}],"collection":[{"href":"https:\/\/rna.ao\/rna.ao\/wp-json\/wp\/v2\/posts"}],"about":[{"href":"https:\/\/rna.ao\/rna.ao\/wp-json\/wp\/v2\/types\/post"}],"author":[{"embeddable":true,"href":"https:\/\/rna.ao\/rna.ao\/wp-json\/wp\/v2\/users\/8"}],"replies":[{"embeddable":true,"href":"https:\/\/rna.ao\/rna.ao\/wp-json\/wp\/v2\/comments?post=13848"}],"version-history":[{"count":4,"href":"https:\/\/rna.ao\/rna.ao\/wp-json\/wp\/v2\/posts\/13848\/revisions"}],"predecessor-version":[{"id":13852,"href":"https:\/\/rna.ao\/rna.ao\/wp-json\/wp\/v2\/posts\/13848\/revisions\/13852"}],"wp:featuredmedia":[{"embeddable":true,"href":"https:\/\/rna.ao\/rna.ao\/wp-json\/wp\/v2\/media\/10950"}],"wp:attachment":[{"href":"https:\/\/rna.ao\/rna.ao\/wp-json\/wp\/v2\/media?parent=13848"}],"wp:term":[{"taxonomy":"category","embeddable":true,"href":"https:\/\/rna.ao\/rna.ao\/wp-json\/wp\/v2\/categories?post=13848"},{"taxonomy":"post_tag","embeddable":true,"href":"https:\/\/rna.ao\/rna.ao\/wp-json\/wp\/v2\/tags?post=13848"}],"curies":[{"name":"wp","href":"https:\/\/api.w.org\/{rel}","templated":true}]}}