{"id":13840,"date":"2020-12-25T08:48:58","date_gmt":"2020-12-25T07:48:58","guid":{"rendered":"https:\/\/rna.ao\/rna.ao\/?p=13840"},"modified":"2020-12-26T07:56:39","modified_gmt":"2020-12-26T06:56:39","slug":"dom-vieira-dias-considera-natal-uma-forma-de-encontrar-a-verdade-profunda","status":"publish","type":"post","link":"https:\/\/rna.ao\/rna.ao\/2020\/12\/25\/dom-vieira-dias-considera-natal-uma-forma-de-encontrar-a-verdade-profunda\/","title":{"rendered":"Dom Vieira Dias considera Natal uma forma de encontrar a verdade profunda"},"content":{"rendered":"<p><img loading=\"lazy\" class=\"size-full wp-image-9878 alignleft\" src=\"https:\/\/rna.ao\/rna.ao\/wp-content\/uploads\/2020\/10\/Dom-Filomeno-Vieira-Dias.jpg\" alt=\"\" width=\"513\" height=\"345\" \/>Esta sexta-feira, 25 de Dezembro, \u00e9 Natal e dia da Fam\u00edlia, e para o mundo crist\u00e3o \u00e9 tamb\u00e9m a celebra\u00e7\u00e3o do nascimento de Jesus Cristo.<\/p>\n<p>De acordo com o arcebispo de Luanda, Dom Filomeno Vieira Dias, o Natal n\u00e3o pode ser simplesmente manifesta\u00e7\u00f5es lindas, mas sim encontrar a verdade profunda.<\/p>\n<p>O prelado fez esta afirma\u00e7\u00e3o durante as celebra\u00e7\u00f5es da Missa do Galo, que teve lugar na arquidiocese de Luanda. Clique no \u00e1udio, em baixo, e ou\u00e7a:<\/p>\n\t<div class=\"qtmplayer-playlist-large\">\n\t\t<ul class=\"qtmplayer-playlist\">\n\t\t\t\n\t\t\t\t\t<li class=\"qtmplayer-trackitem\">\n\t\t<img src=\"https:\/\/rna.ao\/rna.ao\/wp-content\/uploads\/2020\/12\/Dom-Filomeno-Vieira-Dias-100x100.jpg\" alt=\"cover\">\t\t<span \t\t\tdata-qtmplayer-cover=\"https:\/\/rna.ao\/rna.ao\/wp-content\/uploads\/2020\/12\/Dom-Filomeno-Vieira-Dias.jpg\"\n\t\t\t\t\t\tdata-qtmplayer-file=\"https:\/\/rna.ao\/rna.ao\/wp-content\/uploads\/2020\/12\/DOM-VIEIRA-DIAS.mp3\"\n\t\t\t\t\t\tdata-qtmplayer-title=\"Dom Vieira Dias considera Natal uma forma de encontrar a verdade profunda\"\n\t\t\t\t\t\tdata-qtmplayer-artist=\"RNA\"\n\t\t\t\t\t\tdata-qtmplayer-link=\"https:\/\/rna.ao\/rna.ao\/2020\/12\/25\/dom-vieira-dias-considera-natal-uma-forma-de-encontrar-a-verdade-profunda\/\"\n\t\t\t\t\t\tdata-qtmplayer-icon=\"file_download\"\n\t\t\t\t\t\tdata-qtmplayer-type=\"track\"\n\t\t\t class=\"qtmplayer-play qtmplayer-link-sec qtmplayer-play-btn\"><i class='material-icons'>play_arrow<\/i><\/span>\n\t\t<p>\n\t\t\t<span class=\"qtmplayer-tit\">Dom Vieira Dias considera Natal uma forma de encontrar a verdade profunda<\/span>\n\t\t\t<span class=\"qtmplayer-art\">RNA<\/span>\n\t\t<\/p>\n\t<\/li>\n\t\t<\/ul>\n\t<\/div>\t\t\t\n\t\n<p>Fonte: RNA<\/p>\n","protected":false},"excerpt":{"rendered":"<p>Esta sexta-feira, 25 de Dezembro, \u00e9 Natal e dia da Fam\u00edlia, e para o mundo crist\u00e3o \u00e9 tamb\u00e9m a celebra\u00e7\u00e3o do nascimento de Jesus Cristo. De acordo com o arcebispo de Luanda, Dom Filomeno Vieira Dias, o Natal n\u00e3o pode ser simplesmente manifesta\u00e7\u00f5es lindas, mas sim encontrar a verdade profunda. ...<\/p>\n","protected":false},"author":8,"featured_media":13842,"comment_status":"closed","ping_status":"closed","sticky":false,"template":"","format":"standard","meta":[],"categories":[121,141,133],"tags":[],"_links":{"self":[{"href":"https:\/\/rna.ao\/rna.ao\/wp-json\/wp\/v2\/posts\/13840"}],"collection":[{"href":"https:\/\/rna.ao\/rna.ao\/wp-json\/wp\/v2\/posts"}],"about":[{"href":"https:\/\/rna.ao\/rna.ao\/wp-json\/wp\/v2\/types\/post"}],"author":[{"embeddable":true,"href":"https:\/\/rna.ao\/rna.ao\/wp-json\/wp\/v2\/users\/8"}],"replies":[{"embeddable":true,"href":"https:\/\/rna.ao\/rna.ao\/wp-json\/wp\/v2\/comments?post=13840"}],"version-history":[{"count":2,"href":"https:\/\/rna.ao\/rna.ao\/wp-json\/wp\/v2\/posts\/13840\/revisions"}],"predecessor-version":[{"id":13854,"href":"https:\/\/rna.ao\/rna.ao\/wp-json\/wp\/v2\/posts\/13840\/revisions\/13854"}],"wp:featuredmedia":[{"embeddable":true,"href":"https:\/\/rna.ao\/rna.ao\/wp-json\/wp\/v2\/media\/13842"}],"wp:attachment":[{"href":"https:\/\/rna.ao\/rna.ao\/wp-json\/wp\/v2\/media?parent=13840"}],"wp:term":[{"taxonomy":"category","embeddable":true,"href":"https:\/\/rna.ao\/rna.ao\/wp-json\/wp\/v2\/categories?post=13840"},{"taxonomy":"post_tag","embeddable":true,"href":"https:\/\/rna.ao\/rna.ao\/wp-json\/wp\/v2\/tags?post=13840"}],"curies":[{"name":"wp","href":"https:\/\/api.w.org\/{rel}","templated":true}]}}