{"id":13831,"date":"2020-12-25T08:36:51","date_gmt":"2020-12-25T07:36:51","guid":{"rendered":"https:\/\/rna.ao\/rna.ao\/?p=13831"},"modified":"2020-12-25T21:28:04","modified_gmt":"2020-12-25T20:28:04","slug":"lideres-religiosos-no-cuando-cubango-dizem-sim-as-orientacoes-de-prevencao-a-covid-19","status":"publish","type":"post","link":"https:\/\/rna.ao\/rna.ao\/2020\/12\/25\/lideres-religiosos-no-cuando-cubango-dizem-sim-as-orientacoes-de-prevencao-a-covid-19\/","title":{"rendered":"L\u00edderes religiosos no Cuando Cubango dizem \u201csim\u201d \u00e0s orienta\u00e7\u00f5es de preven\u00e7\u00e3o \u00e0 Covid-19"},"content":{"rendered":"<p><img loading=\"lazy\" class=\"size-full wp-image-13833 alignleft\" src=\"https:\/\/rna.ao\/rna.ao\/wp-content\/uploads\/2020\/12\/Biblia-Sagrada.jpg\" alt=\"\" width=\"324\" height=\"189\" \/>Na Prov\u00edncia do Cuando Cubango os l\u00edderes religiosos prometem cumprir com as normas do Decreto Presidencial, sobre a situa\u00e7\u00e3o de Calamidade P\u00fablica, nas celebra\u00e7\u00f5es de Natal e Ano Novo.<\/p>\n<p>A ideia, de acordo com os l\u00edderes religiosos, \u00e9 cumprir com as orienta\u00e7\u00f5es emanadas de forma a evitar a propaga\u00e7\u00e3o da Covid-19, que tem agora uma nova estirpe. Saiba mais na reportagem, com um click em baixo:<\/p>\n\t<div class=\"qtmplayer-playlist-large\">\n\t\t<ul class=\"qtmplayer-playlist\">\n\t\t\t\n\t\t\t\t\t<li class=\"qtmplayer-trackitem\">\n\t\t<img src=\"https:\/\/rna.ao\/rna.ao\/wp-content\/uploads\/2020\/12\/Biblia-Sagrada-100x100.jpg\" alt=\"cover\">\t\t<span \t\t\tdata-qtmplayer-cover=\"https:\/\/rna.ao\/rna.ao\/wp-content\/uploads\/2020\/12\/Biblia-Sagrada.jpg\"\n\t\t\t\t\t\tdata-qtmplayer-file=\"https:\/\/rna.ao\/rna.ao\/wp-content\/uploads\/2020\/12\/JOAQUIM-MUSSUNGO.mp3\"\n\t\t\t\t\t\tdata-qtmplayer-title=\"L\u00edderes religiosos no Cuando Cubango dizem \u201csim\u201d \u00e0s orienta\u00e7\u00f5es de preven\u00e7\u00e3o \u00e0 Covid-19\"\n\t\t\t\t\t\tdata-qtmplayer-artist=\"RNA\"\n\t\t\t\t\t\tdata-qtmplayer-link=\"https:\/\/rna.ao\/rna.ao\/2020\/12\/25\/lideres-religiosos-no-cuando-cubango-dizem-sim-as-orientacoes-de-prevencao-a-covid-19\/\"\n\t\t\t\t\t\tdata-qtmplayer-icon=\"file_download\"\n\t\t\t\t\t\tdata-qtmplayer-type=\"track\"\n\t\t\t class=\"qtmplayer-play qtmplayer-link-sec qtmplayer-play-btn\"><i class='material-icons'>play_arrow<\/i><\/span>\n\t\t<p>\n\t\t\t<span class=\"qtmplayer-tit\">L\u00edderes religiosos no Cuando Cubango dizem \u201csim\u201d \u00e0s orienta\u00e7\u00f5es de preven\u00e7\u00e3o \u00e0 Covid-19<\/span>\n\t\t\t<span class=\"qtmplayer-art\">RNA<\/span>\n\t\t<\/p>\n\t<\/li>\n\t\t<\/ul>\n\t<\/div>\t\t\t\n\t\n<p>Fonte: RNA \u2013 Jornalista Joaquim Mussungo<\/p>\n","protected":false},"excerpt":{"rendered":"<p>Na Prov\u00edncia do Cuando Cubango os l\u00edderes religiosos prometem cumprir com as normas do Decreto Presidencial, sobre a situa\u00e7\u00e3o de Calamidade P\u00fablica, nas celebra\u00e7\u00f5es de Natal e Ano Novo. A ideia, de acordo com os l\u00edderes religiosos, \u00e9 cumprir com as orienta\u00e7\u00f5es emanadas de forma a evitar a propaga\u00e7\u00e3o da ...<\/p>\n","protected":false},"author":8,"featured_media":13833,"comment_status":"closed","ping_status":"closed","sticky":false,"template":"","format":"standard","meta":[],"categories":[121,164],"tags":[],"_links":{"self":[{"href":"https:\/\/rna.ao\/rna.ao\/wp-json\/wp\/v2\/posts\/13831"}],"collection":[{"href":"https:\/\/rna.ao\/rna.ao\/wp-json\/wp\/v2\/posts"}],"about":[{"href":"https:\/\/rna.ao\/rna.ao\/wp-json\/wp\/v2\/types\/post"}],"author":[{"embeddable":true,"href":"https:\/\/rna.ao\/rna.ao\/wp-json\/wp\/v2\/users\/8"}],"replies":[{"embeddable":true,"href":"https:\/\/rna.ao\/rna.ao\/wp-json\/wp\/v2\/comments?post=13831"}],"version-history":[{"count":1,"href":"https:\/\/rna.ao\/rna.ao\/wp-json\/wp\/v2\/posts\/13831\/revisions"}],"predecessor-version":[{"id":13834,"href":"https:\/\/rna.ao\/rna.ao\/wp-json\/wp\/v2\/posts\/13831\/revisions\/13834"}],"wp:featuredmedia":[{"embeddable":true,"href":"https:\/\/rna.ao\/rna.ao\/wp-json\/wp\/v2\/media\/13833"}],"wp:attachment":[{"href":"https:\/\/rna.ao\/rna.ao\/wp-json\/wp\/v2\/media?parent=13831"}],"wp:term":[{"taxonomy":"category","embeddable":true,"href":"https:\/\/rna.ao\/rna.ao\/wp-json\/wp\/v2\/categories?post=13831"},{"taxonomy":"post_tag","embeddable":true,"href":"https:\/\/rna.ao\/rna.ao\/wp-json\/wp\/v2\/tags?post=13831"}],"curies":[{"name":"wp","href":"https:\/\/api.w.org\/{rel}","templated":true}]}}