{"id":13825,"date":"2020-12-25T08:22:17","date_gmt":"2020-12-25T07:22:17","guid":{"rendered":"https:\/\/rna.ao\/rna.ao\/?p=13825"},"modified":"2020-12-25T09:05:12","modified_gmt":"2020-12-25T08:05:12","slug":"presidente-da-cirgl-envia-mensagem-a-rca","status":"publish","type":"post","link":"https:\/\/rna.ao\/rna.ao\/2020\/12\/25\/presidente-da-cirgl-envia-mensagem-a-rca\/","title":{"rendered":"Presidente da CIRGL envia mensagem \u00e0 RCA"},"content":{"rendered":"<p><img loading=\"lazy\" class=\"size-full wp-image-13697 alignleft\" src=\"https:\/\/rna.ao\/rna.ao\/wp-content\/uploads\/2020\/12\/JLO-CIRGL.jpg\" alt=\"\" width=\"326\" height=\"190\" \/>O Chefe de Estado angolano, Jo\u00e3o Louren\u00e7o, nas vestes de Presidente em exerc\u00edcio da Confer\u00eancia Internacional sobre a Regi\u00e3o dos Grandes Lagos, endere\u00e7ou uma mensagem relativa a situa\u00e7\u00e3o pol\u00edtica e de seguran\u00e7a na Rep\u00fablica Centro Africana (RCA).<\/p>\n<p>O Presidente da Rep\u00fablica, Jo\u00e3o Louren\u00e7o, assumiu em Novembro, de 2020, a Presid\u00eancia rotativa da Confer\u00eancia Internacional da Regi\u00e3o dos Grandes Lagos (CIRGL) por escolha dos seus hom\u00f3logos na oitava Cimeira da organiza\u00e7\u00e3o subregional, realizada por videoconfer\u00eancia. Clique no \u00e1udio, em baixo, e ou\u00e7a a mensagem lida pelo jornalista Jer\u00f3nimo Gon\u00e7alves:<\/p>\n\t<div class=\"qtmplayer-playlist-large\">\n\t\t<ul class=\"qtmplayer-playlist\">\n\t\t\t\n\t\t\t\t\t<li class=\"qtmplayer-trackitem\">\n\t\t<img src=\"https:\/\/rna.ao\/rna.ao\/wp-content\/uploads\/2020\/11\/Bandeiras-CIRGL-100x100.jpg\" alt=\"cover\">\t\t<span \t\t\tdata-qtmplayer-cover=\"https:\/\/rna.ao\/rna.ao\/wp-content\/uploads\/2020\/11\/Bandeiras-CIRGL.jpg\"\n\t\t\t\t\t\tdata-qtmplayer-file=\"https:\/\/rna.ao\/rna.ao\/wp-content\/uploads\/2020\/12\/JERONIMO-GONCALVES.mp3\"\n\t\t\t\t\t\tdata-qtmplayer-title=\"Presidente da CIRGL envia mensagem \u00e0 RCA\"\n\t\t\t\t\t\tdata-qtmplayer-artist=\"RNA\"\n\t\t\t\t\t\tdata-qtmplayer-link=\"https:\/\/rna.ao\/rna.ao\/2020\/12\/25\/presidente-da-cirgl-envia-mensagem-a-rca\/\"\n\t\t\t\t\t\tdata-qtmplayer-icon=\"file_download\"\n\t\t\t\t\t\tdata-qtmplayer-type=\"track\"\n\t\t\t class=\"qtmplayer-play qtmplayer-link-sec qtmplayer-play-btn\"><i class='material-icons'>play_arrow<\/i><\/span>\n\t\t<p>\n\t\t\t<span class=\"qtmplayer-tit\">Presidente da CIRGL envia mensagem \u00e0 RCA<\/span>\n\t\t\t<span class=\"qtmplayer-art\">RNA<\/span>\n\t\t<\/p>\n\t<\/li>\n\t\t<\/ul>\n\t<\/div>\t\t\t\n\t\n<p>Fonte: RNA<\/p>\n","protected":false},"excerpt":{"rendered":"<p>O Chefe de Estado angolano, Jo\u00e3o Louren\u00e7o, nas vestes de Presidente em exerc\u00edcio da Confer\u00eancia Internacional sobre a Regi\u00e3o dos Grandes Lagos, endere\u00e7ou uma mensagem relativa a situa\u00e7\u00e3o pol\u00edtica e de seguran\u00e7a na Rep\u00fablica Centro Africana (RCA). O Presidente da Rep\u00fablica, Jo\u00e3o Louren\u00e7o, assumiu em Novembro, de 2020, a Presid\u00eancia ...<\/p>\n","protected":false},"author":8,"featured_media":10962,"comment_status":"closed","ping_status":"closed","sticky":false,"template":"","format":"standard","meta":[],"categories":[121,164,163],"tags":[],"_links":{"self":[{"href":"https:\/\/rna.ao\/rna.ao\/wp-json\/wp\/v2\/posts\/13825"}],"collection":[{"href":"https:\/\/rna.ao\/rna.ao\/wp-json\/wp\/v2\/posts"}],"about":[{"href":"https:\/\/rna.ao\/rna.ao\/wp-json\/wp\/v2\/types\/post"}],"author":[{"embeddable":true,"href":"https:\/\/rna.ao\/rna.ao\/wp-json\/wp\/v2\/users\/8"}],"replies":[{"embeddable":true,"href":"https:\/\/rna.ao\/rna.ao\/wp-json\/wp\/v2\/comments?post=13825"}],"version-history":[{"count":1,"href":"https:\/\/rna.ao\/rna.ao\/wp-json\/wp\/v2\/posts\/13825\/revisions"}],"predecessor-version":[{"id":13827,"href":"https:\/\/rna.ao\/rna.ao\/wp-json\/wp\/v2\/posts\/13825\/revisions\/13827"}],"wp:featuredmedia":[{"embeddable":true,"href":"https:\/\/rna.ao\/rna.ao\/wp-json\/wp\/v2\/media\/10962"}],"wp:attachment":[{"href":"https:\/\/rna.ao\/rna.ao\/wp-json\/wp\/v2\/media?parent=13825"}],"wp:term":[{"taxonomy":"category","embeddable":true,"href":"https:\/\/rna.ao\/rna.ao\/wp-json\/wp\/v2\/categories?post=13825"},{"taxonomy":"post_tag","embeddable":true,"href":"https:\/\/rna.ao\/rna.ao\/wp-json\/wp\/v2\/tags?post=13825"}],"curies":[{"name":"wp","href":"https:\/\/api.w.org\/{rel}","templated":true}]}}