{"id":138148,"date":"2024-04-20T13:17:04","date_gmt":"2024-04-20T12:17:04","guid":{"rendered":"https:\/\/rna.ao\/rna.ao\/?p=138148"},"modified":"2024-04-20T13:17:04","modified_gmt":"2024-04-20T12:17:04","slug":"parque-nacional-da-cangandala-tribunal-de-malange-condena-a-23-anos-de-prisao-cidadao-acusado-de-ter-morto-um-fiscal","status":"publish","type":"post","link":"https:\/\/rna.ao\/rna.ao\/2024\/04\/20\/parque-nacional-da-cangandala-tribunal-de-malange-condena-a-23-anos-de-prisao-cidadao-acusado-de-ter-morto-um-fiscal\/","title":{"rendered":"Parque Nacional da Cangandala: Tribunal de Malange condena a 23 anos de pris\u00e3o cidad\u00e3o acusado de ter morto um fiscal"},"content":{"rendered":"<p><img loading=\"lazy\" class=\"size-full wp-image-20540 alignleft\" src=\"https:\/\/rna.ao\/rna.ao\/wp-content\/uploads\/2021\/04\/Tribunal-Provincial-do-Uige.jpg\" alt=\"\" width=\"229\" height=\"152\" \/>O tribunal de Malanje, condenou a 23 anos de pris\u00e3o ao cidad\u00e3o que matou um fiscal do parque nacional da Cangandala. O cidad\u00e3o condenado dedicava-se a ca\u00e7a furtiva e era fiscal da reserva integral do Luando. Clique, no \u00e1udio abaixo, e saiba mais com o jornalista Dito Tavares:<\/p>\n\t<div class=\"qtmplayer-playlist-large\">\n\t\t<ul class=\"qtmplayer-playlist\">\n\t\t\t\n\t\t\t\t\t<li class=\"qtmplayer-trackitem\">\n\t\t<img src=\"https:\/\/rna.ao\/rna.ao\/wp-content\/uploads\/2021\/04\/Tribunal-Provincial-do-Uige-100x100.jpg\" alt=\"cover\">\t\t<span \t\t\tdata-qtmplayer-cover=\"https:\/\/rna.ao\/rna.ao\/wp-content\/uploads\/2021\/04\/Tribunal-Provincial-do-Uige.jpg\"\n\t\t\t\t\t\tdata-qtmplayer-file=\"https:\/\/rna.ao\/rna.ao\/wp-content\/uploads\/2024\/04\/MALANJE-PRISAO-FISCAL-13HRS.mp3\"\n\t\t\t\t\t\tdata-qtmplayer-title=\"Parque Nacional da Cangandala: Tribunal de Malange condena a 23 anos de pris\u00e3o cidad\u00e3o acusado de ter morto um fiscal\"\n\t\t\t\t\t\tdata-qtmplayer-artist=\"Carla\"\n\t\t\t\t\t\tdata-qtmplayer-link=\"https:\/\/rna.ao\/rna.ao\/2024\/04\/20\/parque-nacional-da-cangandala-tribunal-de-malange-condena-a-23-anos-de-prisao-cidadao-acusado-de-ter-morto-um-fiscal\/\"\n\t\t\t\t\t\tdata-qtmplayer-icon=\"file_download\"\n\t\t\t\t\t\tdata-qtmplayer-type=\"track\"\n\t\t\t class=\"qtmplayer-play qtmplayer-link-sec qtmplayer-play-btn\"><i class='material-icons'>play_arrow<\/i><\/span>\n\t\t<p>\n\t\t\t<span class=\"qtmplayer-tit\">Parque Nacional da Cangandala: Tribunal de Malange condena a 23 anos de pris\u00e3o cidad\u00e3o acusado de ter morto um fiscal<\/span>\n\t\t\t<span class=\"qtmplayer-art\">Carla<\/span>\n\t\t<\/p>\n\t<\/li>\n\t\t<\/ul>\n\t<\/div>\t\t\t\n\t\n","protected":false},"excerpt":{"rendered":"<p>O tribunal de Malanje, condenou a 23 anos de pris\u00e3o ao cidad\u00e3o que matou um fiscal do parque nacional da Cangandala. O cidad\u00e3o condenado dedicava-se a ca\u00e7a furtiva e era fiscal da reserva integral do Luando. Clique, no \u00e1udio abaixo, e saiba mais com o jornalista Dito Tavares:<\/p>\n","protected":false},"author":10,"featured_media":20540,"comment_status":"closed","ping_status":"closed","sticky":false,"template":"","format":"standard","meta":[],"categories":[142,121,163],"tags":[],"_links":{"self":[{"href":"https:\/\/rna.ao\/rna.ao\/wp-json\/wp\/v2\/posts\/138148"}],"collection":[{"href":"https:\/\/rna.ao\/rna.ao\/wp-json\/wp\/v2\/posts"}],"about":[{"href":"https:\/\/rna.ao\/rna.ao\/wp-json\/wp\/v2\/types\/post"}],"author":[{"embeddable":true,"href":"https:\/\/rna.ao\/rna.ao\/wp-json\/wp\/v2\/users\/10"}],"replies":[{"embeddable":true,"href":"https:\/\/rna.ao\/rna.ao\/wp-json\/wp\/v2\/comments?post=138148"}],"version-history":[{"count":1,"href":"https:\/\/rna.ao\/rna.ao\/wp-json\/wp\/v2\/posts\/138148\/revisions"}],"predecessor-version":[{"id":138150,"href":"https:\/\/rna.ao\/rna.ao\/wp-json\/wp\/v2\/posts\/138148\/revisions\/138150"}],"wp:featuredmedia":[{"embeddable":true,"href":"https:\/\/rna.ao\/rna.ao\/wp-json\/wp\/v2\/media\/20540"}],"wp:attachment":[{"href":"https:\/\/rna.ao\/rna.ao\/wp-json\/wp\/v2\/media?parent=138148"}],"wp:term":[{"taxonomy":"category","embeddable":true,"href":"https:\/\/rna.ao\/rna.ao\/wp-json\/wp\/v2\/categories?post=138148"},{"taxonomy":"post_tag","embeddable":true,"href":"https:\/\/rna.ao\/rna.ao\/wp-json\/wp\/v2\/tags?post=138148"}],"curies":[{"name":"wp","href":"https:\/\/api.w.org\/{rel}","templated":true}]}}