{"id":13808,"date":"2020-12-24T15:59:03","date_gmt":"2020-12-24T14:59:03","guid":{"rendered":"https:\/\/rna.ao\/rna.ao\/?p=13808"},"modified":"2020-12-25T08:11:10","modified_gmt":"2020-12-25T07:11:10","slug":"projecto-roda-do-amor-leva-matal-solidario-a-6-provincias-do-pais","status":"publish","type":"post","link":"https:\/\/rna.ao\/rna.ao\/2020\/12\/24\/projecto-roda-do-amor-leva-matal-solidario-a-6-provincias-do-pais\/","title":{"rendered":"Projecto &#8220;Roda do Amor&#8221; leva Natal Solid\u00e1rio a seis Prov\u00edncias do pa\u00eds"},"content":{"rendered":"<p><img loading=\"lazy\" class=\"size-full wp-image-13816 alignleft\" src=\"https:\/\/rna.ao\/rna.ao\/wp-content\/uploads\/2020\/12\/Natal-Roda-do-Amor.jpg\" alt=\"\" width=\"306\" height=\"164\" \/>Cerca de mil trezentas e vinte crian\u00e7as, de dezessete lares de acolhimento, das Prov\u00edncias de Luanda, Cuando Cubango, U\u00edge, Huambo, Moxico e Lunda-Sul tiveram um Natal diferente, este ano.<\/p>\n<p>A plataforma \u201cRoda do Amor\u201d, criada pela Primeira-Dama da Rep\u00fablica, Ana Dias Louren\u00e7o, direccionada \u00e0s crian\u00e7as na primeira inf\u00e2ncia, proporcionou momentos diferentes aos menores dos cinco aos 14 anos de idade.<\/p>\n<p>O Natal celebrado sob o tema: \u201cRoda do Amor, proteger a vida\u201d semeou valores como esperan\u00e7a, uni\u00e3o, paz e alegria, atrav\u00e9s da fantasia transmitida pela literatura infantil.<\/p>\n<p>O kit Roda do Amor continha uma reedi\u00e7\u00e3o do livro \u201cO Imbondeiro que queria ser \u00e1rvore de Natal\u201d, da escritora Cremilda de Lima, brinquedos, material de biosseguran\u00e7a, m\u00e1scaras e um cabaz de natal para a institui\u00e7\u00e3o.<\/p>\n<p>Em Luanda, as crian\u00e7as do Centro de Acolhimento de Viana e do Munic\u00edpio de Luanda, receberam os brindes e valorizaram a iniciativa da Primeira-Dama. Clique no \u00e1udio, em baixo, e ou\u00e7a com mais desenvolvimento na reportagem, com o jornalista Tom\u00e9 Armando:<\/p>\n\t<div class=\"qtmplayer-playlist-large\">\n\t\t<ul class=\"qtmplayer-playlist\">\n\t\t\t\n\t\t\t\t\t<li class=\"qtmplayer-trackitem\">\n\t\t<img src=\"https:\/\/rna.ao\/rna.ao\/wp-content\/uploads\/2020\/12\/Natal-Roda-do-Amor-100x100.jpg\" alt=\"cover\">\t\t<span \t\t\tdata-qtmplayer-cover=\"https:\/\/rna.ao\/rna.ao\/wp-content\/uploads\/2020\/12\/Natal-Roda-do-Amor.jpg\"\n\t\t\t\t\t\tdata-qtmplayer-file=\"https:\/\/rna.ao\/rna.ao\/wp-content\/uploads\/2020\/12\/TOME-ARMANDO.mp3\"\n\t\t\t\t\t\tdata-qtmplayer-title=\"Projecto &#8220;Roda do Amor&#8221; leva Natal Solid\u00e1rio a seis Prov\u00edncias do pa\u00eds\"\n\t\t\t\t\t\tdata-qtmplayer-artist=\"RNA\"\n\t\t\t\t\t\tdata-qtmplayer-link=\"https:\/\/rna.ao\/rna.ao\/2020\/12\/24\/projecto-roda-do-amor-leva-matal-solidario-a-6-provincias-do-pais\/\"\n\t\t\t\t\t\tdata-qtmplayer-icon=\"file_download\"\n\t\t\t\t\t\tdata-qtmplayer-type=\"track\"\n\t\t\t class=\"qtmplayer-play qtmplayer-link-sec qtmplayer-play-btn\"><i class='material-icons'>play_arrow<\/i><\/span>\n\t\t<p>\n\t\t\t<span class=\"qtmplayer-tit\">Projecto &#8220;Roda do Amor&#8221; leva Natal Solid\u00e1rio a seis Prov\u00edncias do pa\u00eds<\/span>\n\t\t\t<span class=\"qtmplayer-art\">RNA<\/span>\n\t\t<\/p>\n\t<\/li>\n\t\t<\/ul>\n\t<\/div>\t\t\t\n\t\n<p>Na Prov\u00edncia do U\u00edge, a Roda do Amor beneficiou as crian\u00e7as do Munic\u00edpio de Sanza Pombo, com muitos presentes. Clique no \u00e1udio, em baixo, e saiba mais na reportagem com o jornalista Jo\u00e3o Alves:<\/p>\n\t<div class=\"qtmplayer-playlist-large\">\n\t\t<ul class=\"qtmplayer-playlist\">\n\t\t\t\n\t\t\t\t\t<li class=\"qtmplayer-trackitem\">\n\t\t<img src=\"https:\/\/rna.ao\/rna.ao\/wp-content\/uploads\/2020\/12\/Natal-Roda-do-Amor-100x100.jpg\" alt=\"cover\">\t\t<span \t\t\tdata-qtmplayer-cover=\"https:\/\/rna.ao\/rna.ao\/wp-content\/uploads\/2020\/12\/Natal-Roda-do-Amor.jpg\"\n\t\t\t\t\t\tdata-qtmplayer-file=\"https:\/\/rna.ao\/rna.ao\/wp-content\/uploads\/2020\/12\/JOAO-ALVES-UIGE.mp3\"\n\t\t\t\t\t\tdata-qtmplayer-title=\"Projecto &#8220;Roda do Amor&#8221; leva Natal Solid\u00e1rio a seis Prov\u00edncias do pa\u00eds\"\n\t\t\t\t\t\tdata-qtmplayer-artist=\"RNA\"\n\t\t\t\t\t\tdata-qtmplayer-link=\"https:\/\/rna.ao\/rna.ao\/2020\/12\/24\/projecto-roda-do-amor-leva-matal-solidario-a-6-provincias-do-pais\/\"\n\t\t\t\t\t\tdata-qtmplayer-icon=\"file_download\"\n\t\t\t\t\t\tdata-qtmplayer-type=\"track\"\n\t\t\t class=\"qtmplayer-play qtmplayer-link-sec qtmplayer-play-btn\"><i class='material-icons'>play_arrow<\/i><\/span>\n\t\t<p>\n\t\t\t<span class=\"qtmplayer-tit\">Projecto &#8220;Roda do Amor&#8221; leva Natal Solid\u00e1rio a seis Prov\u00edncias do pa\u00eds<\/span>\n\t\t\t<span class=\"qtmplayer-art\">RNA<\/span>\n\t\t<\/p>\n\t<\/li>\n\t\t<\/ul>\n\t<\/div>\t\t\t\n\t\n<p>O Roda do Amor tamb\u00e9m chegou ao Huambo, onde mais de cento e setenta crian\u00e7as, dos Centros de Acolhimento, tiveram um natal diferente. Clique no \u00e1udio, em baixo, e ou\u00e7a os detalhes com a jornalista Felismina das Dores:<\/p>\n\t<div class=\"qtmplayer-playlist-large\">\n\t\t<ul class=\"qtmplayer-playlist\">\n\t\t\t\n\t\t\t\t\t<li class=\"qtmplayer-trackitem\">\n\t\t<img src=\"https:\/\/rna.ao\/rna.ao\/wp-content\/uploads\/2020\/12\/Natal-Roda-do-Amor-100x100.jpg\" alt=\"cover\">\t\t<span \t\t\tdata-qtmplayer-cover=\"https:\/\/rna.ao\/rna.ao\/wp-content\/uploads\/2020\/12\/Natal-Roda-do-Amor.jpg\"\n\t\t\t\t\t\tdata-qtmplayer-file=\"https:\/\/rna.ao\/rna.ao\/wp-content\/uploads\/2020\/12\/FELISMINA-DAS-DORES-HUAMBO.mp3\"\n\t\t\t\t\t\tdata-qtmplayer-title=\"Projecto &#8220;Roda do Amor&#8221; leva Natal Solid\u00e1rio a seis Prov\u00edncias do pa\u00eds\"\n\t\t\t\t\t\tdata-qtmplayer-artist=\"RNA\"\n\t\t\t\t\t\tdata-qtmplayer-link=\"https:\/\/rna.ao\/rna.ao\/2020\/12\/24\/projecto-roda-do-amor-leva-matal-solidario-a-6-provincias-do-pais\/\"\n\t\t\t\t\t\tdata-qtmplayer-icon=\"file_download\"\n\t\t\t\t\t\tdata-qtmplayer-type=\"track\"\n\t\t\t class=\"qtmplayer-play qtmplayer-link-sec qtmplayer-play-btn\"><i class='material-icons'>play_arrow<\/i><\/span>\n\t\t<p>\n\t\t\t<span class=\"qtmplayer-tit\">Projecto &#8220;Roda do Amor&#8221; leva Natal Solid\u00e1rio a seis Prov\u00edncias do pa\u00eds<\/span>\n\t\t\t<span class=\"qtmplayer-art\">RNA<\/span>\n\t\t<\/p>\n\t<\/li>\n\t\t<\/ul>\n\t<\/div>\t\t\t\n\t\n<p>Na Lunda-Sul, a Roda do Amor solidarizou-se com mais de cem crian\u00e7as, com festa e presentes. Clique no \u00e1udio, em baixo, e saiba tudo na reportagem da jornalista Jane Lingueno:<\/p>\n\t<div class=\"qtmplayer-playlist-large\">\n\t\t<ul class=\"qtmplayer-playlist\">\n\t\t\t\n\t\t\t\t\t<li class=\"qtmplayer-trackitem\">\n\t\t<img src=\"https:\/\/rna.ao\/rna.ao\/wp-content\/uploads\/2020\/12\/Natal-Roda-do-Amor-100x100.jpg\" alt=\"cover\">\t\t<span \t\t\tdata-qtmplayer-cover=\"https:\/\/rna.ao\/rna.ao\/wp-content\/uploads\/2020\/12\/Natal-Roda-do-Amor.jpg\"\n\t\t\t\t\t\tdata-qtmplayer-file=\"https:\/\/rna.ao\/rna.ao\/wp-content\/uploads\/2020\/12\/JANE-LINGUENO-LUNDA-SUL.mp3\"\n\t\t\t\t\t\tdata-qtmplayer-title=\"Projecto &#8220;Roda do Amor&#8221; leva Natal Solid\u00e1rio a seis Prov\u00edncias do pa\u00eds\"\n\t\t\t\t\t\tdata-qtmplayer-artist=\"RNA\"\n\t\t\t\t\t\tdata-qtmplayer-link=\"https:\/\/rna.ao\/rna.ao\/2020\/12\/24\/projecto-roda-do-amor-leva-matal-solidario-a-6-provincias-do-pais\/\"\n\t\t\t\t\t\tdata-qtmplayer-icon=\"file_download\"\n\t\t\t\t\t\tdata-qtmplayer-type=\"track\"\n\t\t\t class=\"qtmplayer-play qtmplayer-link-sec qtmplayer-play-btn\"><i class='material-icons'>play_arrow<\/i><\/span>\n\t\t<p>\n\t\t\t<span class=\"qtmplayer-tit\">Projecto &#8220;Roda do Amor&#8221; leva Natal Solid\u00e1rio a seis Prov\u00edncias do pa\u00eds<\/span>\n\t\t\t<span class=\"qtmplayer-art\">RNA<\/span>\n\t\t<\/p>\n\t<\/li>\n\t\t<\/ul>\n\t<\/div>\t\t\t\n\t\n<p>No Cuando Cubango, as crian\u00e7as do Centro de Acolhimento \u201cPadre Jo\u00e3o Bosco\u201d saudaram a oferta da Roda do Amor. Clique no \u00e1udio, em baixo, e saiba tudo na reportagem do Joaquim Mussungo:<\/p>\n\t<div class=\"qtmplayer-playlist-large\">\n\t\t<ul class=\"qtmplayer-playlist\">\n\t\t\t\n\t\t\t\t\t<li class=\"qtmplayer-trackitem\">\n\t\t<img src=\"https:\/\/rna.ao\/rna.ao\/wp-content\/uploads\/2020\/12\/Natal-Roda-do-Amor-100x100.jpg\" alt=\"cover\">\t\t<span \t\t\tdata-qtmplayer-cover=\"https:\/\/rna.ao\/rna.ao\/wp-content\/uploads\/2020\/12\/Natal-Roda-do-Amor.jpg\"\n\t\t\t\t\t\tdata-qtmplayer-file=\"https:\/\/rna.ao\/rna.ao\/wp-content\/uploads\/2020\/12\/JOAQUIM-USSUNGO-CUANDO-CUBANGO.mp3\"\n\t\t\t\t\t\tdata-qtmplayer-title=\"Projecto &#8220;Roda do Amor&#8221; leva Natal Solid\u00e1rio a seis Prov\u00edncias do pa\u00eds\"\n\t\t\t\t\t\tdata-qtmplayer-artist=\"RNA\"\n\t\t\t\t\t\tdata-qtmplayer-link=\"https:\/\/rna.ao\/rna.ao\/2020\/12\/24\/projecto-roda-do-amor-leva-matal-solidario-a-6-provincias-do-pais\/\"\n\t\t\t\t\t\tdata-qtmplayer-icon=\"file_download\"\n\t\t\t\t\t\tdata-qtmplayer-type=\"track\"\n\t\t\t class=\"qtmplayer-play qtmplayer-link-sec qtmplayer-play-btn\"><i class='material-icons'>play_arrow<\/i><\/span>\n\t\t<p>\n\t\t\t<span class=\"qtmplayer-tit\">Projecto &#8220;Roda do Amor&#8221; leva Natal Solid\u00e1rio a seis Prov\u00edncias do pa\u00eds<\/span>\n\t\t\t<span class=\"qtmplayer-art\">RNA<\/span>\n\t\t<\/p>\n\t<\/li>\n\t\t<\/ul>\n\t<\/div>\t\t\t\n\t\n<p>O Moxico n\u00e3o ficou de fora, l\u00e1 tamb\u00e9m houve distribui\u00e7\u00e3o de presentes, para as crian\u00e7as do centro de Acolhimento \u201cAna Guedes\u201d. Clique no \u00e1udio, em baixo, e acompanhe os pormenores na reportagem com Il\u00eddio S\u00e9rgio:<\/p>\n\t<div class=\"qtmplayer-playlist-large\">\n\t\t<ul class=\"qtmplayer-playlist\">\n\t\t\t\n\t\t\t\t\t<li class=\"qtmplayer-trackitem\">\n\t\t<img src=\"https:\/\/rna.ao\/rna.ao\/wp-content\/uploads\/2020\/12\/Natal-Roda-do-Amor-100x100.jpg\" alt=\"cover\">\t\t<span \t\t\tdata-qtmplayer-cover=\"https:\/\/rna.ao\/rna.ao\/wp-content\/uploads\/2020\/12\/Natal-Roda-do-Amor.jpg\"\n\t\t\t\t\t\tdata-qtmplayer-file=\"https:\/\/rna.ao\/rna.ao\/wp-content\/uploads\/2020\/12\/ILIDIO-SERGIO-MOXICO.mp3\"\n\t\t\t\t\t\tdata-qtmplayer-title=\"Projecto &#8220;Roda do Amor&#8221; leva Natal Solid\u00e1rio a seis Prov\u00edncias do pa\u00eds\"\n\t\t\t\t\t\tdata-qtmplayer-artist=\"RNA\"\n\t\t\t\t\t\tdata-qtmplayer-link=\"https:\/\/rna.ao\/rna.ao\/2020\/12\/24\/projecto-roda-do-amor-leva-matal-solidario-a-6-provincias-do-pais\/\"\n\t\t\t\t\t\tdata-qtmplayer-icon=\"file_download\"\n\t\t\t\t\t\tdata-qtmplayer-type=\"track\"\n\t\t\t class=\"qtmplayer-play qtmplayer-link-sec qtmplayer-play-btn\"><i class='material-icons'>play_arrow<\/i><\/span>\n\t\t<p>\n\t\t\t<span class=\"qtmplayer-tit\">Projecto &#8220;Roda do Amor&#8221; leva Natal Solid\u00e1rio a seis Prov\u00edncias do pa\u00eds<\/span>\n\t\t\t<span class=\"qtmplayer-art\">RNA<\/span>\n\t\t<\/p>\n\t<\/li>\n\t\t<\/ul>\n\t<\/div>\t\t\t\n\t\n<p>Fonte: RNA<\/p>\n","protected":false},"excerpt":{"rendered":"<p>Cerca de mil trezentas e vinte crian\u00e7as, de dezessete lares de acolhimento, das Prov\u00edncias de Luanda, Cuando Cubango, U\u00edge, Huambo, Moxico e Lunda-Sul tiveram um Natal diferente, este ano. A plataforma \u201cRoda do Amor\u201d, criada pela Primeira-Dama da Rep\u00fablica, Ana Dias Louren\u00e7o, direccionada \u00e0s crian\u00e7as na primeira inf\u00e2ncia, proporcionou momentos ...<\/p>\n","protected":false},"author":8,"featured_media":13816,"comment_status":"closed","ping_status":"closed","sticky":false,"template":"","format":"standard","meta":[],"categories":[121,164,163],"tags":[],"_links":{"self":[{"href":"https:\/\/rna.ao\/rna.ao\/wp-json\/wp\/v2\/posts\/13808"}],"collection":[{"href":"https:\/\/rna.ao\/rna.ao\/wp-json\/wp\/v2\/posts"}],"about":[{"href":"https:\/\/rna.ao\/rna.ao\/wp-json\/wp\/v2\/types\/post"}],"author":[{"embeddable":true,"href":"https:\/\/rna.ao\/rna.ao\/wp-json\/wp\/v2\/users\/8"}],"replies":[{"embeddable":true,"href":"https:\/\/rna.ao\/rna.ao\/wp-json\/wp\/v2\/comments?post=13808"}],"version-history":[{"count":5,"href":"https:\/\/rna.ao\/rna.ao\/wp-json\/wp\/v2\/posts\/13808\/revisions"}],"predecessor-version":[{"id":13821,"href":"https:\/\/rna.ao\/rna.ao\/wp-json\/wp\/v2\/posts\/13808\/revisions\/13821"}],"wp:featuredmedia":[{"embeddable":true,"href":"https:\/\/rna.ao\/rna.ao\/wp-json\/wp\/v2\/media\/13816"}],"wp:attachment":[{"href":"https:\/\/rna.ao\/rna.ao\/wp-json\/wp\/v2\/media?parent=13808"}],"wp:term":[{"taxonomy":"category","embeddable":true,"href":"https:\/\/rna.ao\/rna.ao\/wp-json\/wp\/v2\/categories?post=13808"},{"taxonomy":"post_tag","embeddable":true,"href":"https:\/\/rna.ao\/rna.ao\/wp-json\/wp\/v2\/tags?post=13808"}],"curies":[{"name":"wp","href":"https:\/\/api.w.org\/{rel}","templated":true}]}}