{"id":138078,"date":"2024-04-20T10:09:37","date_gmt":"2024-04-20T09:09:37","guid":{"rendered":"https:\/\/rna.ao\/rna.ao\/?p=138078"},"modified":"2024-04-20T10:09:37","modified_gmt":"2024-04-20T09:09:37","slug":"portugueses-e-angolanos-juntos-na-celebracao-dos-50-anos-do-25-de-abril","status":"publish","type":"post","link":"https:\/\/rna.ao\/rna.ao\/2024\/04\/20\/portugueses-e-angolanos-juntos-na-celebracao-dos-50-anos-do-25-de-abril\/","title":{"rendered":"Portugueses e angolanos juntos na celebra\u00e7\u00e3o dos 50 anos do 25 de Abril"},"content":{"rendered":"<p><img loading=\"lazy\" class=\"size-full wp-image-138082 alignleft\" src=\"https:\/\/rna.ao\/rna.ao\/wp-content\/uploads\/2024\/04\/embaixador_de.jpg\" alt=\"\" width=\"369\" height=\"208\" \/>Portugueses e angolanos come\u00e7am a celebrar os cinquentas anos do vinte e cinco de Abril de 1974. De acordo com o Embaixador de Portugal em Angola, Francisco Alegre, a rela\u00e7\u00e3o actual dos povos \u00e9 satisfat\u00f3ria.\u00a0Clique, no \u00e1udio abaixo, e saiba mais com o jornalista Marinho Chingue:<\/p>\n\t<div class=\"qtmplayer-playlist-large\">\n\t\t<ul class=\"qtmplayer-playlist\">\n\t\t\t\n\t\t\t\t\t<li class=\"qtmplayer-trackitem\">\n\t\t<img src=\"https:\/\/rna.ao\/rna.ao\/wp-content\/uploads\/2024\/04\/portugal-100x100.jpg\" alt=\"cover\">\t\t<span \t\t\tdata-qtmplayer-cover=\"https:\/\/rna.ao\/rna.ao\/wp-content\/uploads\/2024\/04\/portugal.jpg\"\n\t\t\t\t\t\tdata-qtmplayer-file=\"https:\/\/rna.ao\/rna.ao\/wp-content\/uploads\/2024\/04\/MARTINHO-CHINGUI-25-DE-ABRIL-2OHS.mp3\"\n\t\t\t\t\t\tdata-qtmplayer-title=\"Portugueses e angolanos juntos na celebra\u00e7\u00e3o dos 50 anos do 25 de Abril\"\n\t\t\t\t\t\tdata-qtmplayer-artist=\"Carla\"\n\t\t\t\t\t\tdata-qtmplayer-link=\"https:\/\/rna.ao\/rna.ao\/2024\/04\/20\/portugueses-e-angolanos-juntos-na-celebracao-dos-50-anos-do-25-de-abril\/\"\n\t\t\t\t\t\tdata-qtmplayer-icon=\"file_download\"\n\t\t\t\t\t\tdata-qtmplayer-type=\"track\"\n\t\t\t class=\"qtmplayer-play qtmplayer-link-sec qtmplayer-play-btn\"><i class='material-icons'>play_arrow<\/i><\/span>\n\t\t<p>\n\t\t\t<span class=\"qtmplayer-tit\">Portugueses e angolanos juntos na celebra\u00e7\u00e3o dos 50 anos do 25 de Abril<\/span>\n\t\t\t<span class=\"qtmplayer-art\">Carla<\/span>\n\t\t<\/p>\n\t<\/li>\n\t\t<\/ul>\n\t<\/div>\t\t\t\n\t\n","protected":false},"excerpt":{"rendered":"<p>Portugueses e angolanos come\u00e7am a celebrar os cinquentas anos do vinte e cinco de Abril de 1974. De acordo com o Embaixador de Portugal em Angola, Francisco Alegre, a rela\u00e7\u00e3o actual dos povos \u00e9 satisfat\u00f3ria.\u00a0Clique, no \u00e1udio abaixo, e saiba mais com o jornalista Marinho Chingue:<\/p>\n","protected":false},"author":10,"featured_media":138081,"comment_status":"closed","ping_status":"closed","sticky":false,"template":"","format":"standard","meta":[],"categories":[1],"tags":[],"_links":{"self":[{"href":"https:\/\/rna.ao\/rna.ao\/wp-json\/wp\/v2\/posts\/138078"}],"collection":[{"href":"https:\/\/rna.ao\/rna.ao\/wp-json\/wp\/v2\/posts"}],"about":[{"href":"https:\/\/rna.ao\/rna.ao\/wp-json\/wp\/v2\/types\/post"}],"author":[{"embeddable":true,"href":"https:\/\/rna.ao\/rna.ao\/wp-json\/wp\/v2\/users\/10"}],"replies":[{"embeddable":true,"href":"https:\/\/rna.ao\/rna.ao\/wp-json\/wp\/v2\/comments?post=138078"}],"version-history":[{"count":1,"href":"https:\/\/rna.ao\/rna.ao\/wp-json\/wp\/v2\/posts\/138078\/revisions"}],"predecessor-version":[{"id":138083,"href":"https:\/\/rna.ao\/rna.ao\/wp-json\/wp\/v2\/posts\/138078\/revisions\/138083"}],"wp:featuredmedia":[{"embeddable":true,"href":"https:\/\/rna.ao\/rna.ao\/wp-json\/wp\/v2\/media\/138081"}],"wp:attachment":[{"href":"https:\/\/rna.ao\/rna.ao\/wp-json\/wp\/v2\/media?parent=138078"}],"wp:term":[{"taxonomy":"category","embeddable":true,"href":"https:\/\/rna.ao\/rna.ao\/wp-json\/wp\/v2\/categories?post=138078"},{"taxonomy":"post_tag","embeddable":true,"href":"https:\/\/rna.ao\/rna.ao\/wp-json\/wp\/v2\/tags?post=138078"}],"curies":[{"name":"wp","href":"https:\/\/api.w.org\/{rel}","templated":true}]}}