{"id":137951,"date":"2024-04-18T10:51:29","date_gmt":"2024-04-18T09:51:29","guid":{"rendered":"https:\/\/rna.ao\/rna.ao\/?p=137951"},"modified":"2024-04-18T10:51:29","modified_gmt":"2024-04-18T09:51:29","slug":"governo-do-cunene-realiza-seminarios-de-sensibilizacao-da-populacao-no-ambito-da-realizacao-do-censo-populacional-e-habitacional","status":"publish","type":"post","link":"https:\/\/rna.ao\/rna.ao\/2024\/04\/18\/governo-do-cunene-realiza-seminarios-de-sensibilizacao-da-populacao-no-ambito-da-realizacao-do-censo-populacional-e-habitacional\/","title":{"rendered":"Governo do Cunene realiza semin\u00e1rios de sensibiliza\u00e7\u00e3o da popula\u00e7\u00e3o no \u00e2mbito da realiza\u00e7\u00e3o do Censo Populacional e Habitacional"},"content":{"rendered":"<p><img loading=\"lazy\" class=\"size-full wp-image-108746 aligncenter\" src=\"https:\/\/rna.ao\/rna.ao\/wp-content\/uploads\/2023\/07\/cunene.jpg\" alt=\"\" width=\"405\" height=\"218\" \/>Decorrem na prov\u00edncia do Cunene, semin\u00e1rios de sensibiliza\u00e7\u00e3o da popula\u00e7\u00e3o no \u00e2mbito da realiza\u00e7\u00e3o do segundo Censo Populacional e Habitacional, que acontece no pr\u00f3ximo m\u00eas de julho, em todo pa\u00eds. E director provincial do Instituto Nacional de Estat\u00edstica no Cunene, disse em semin\u00e1rio que a principal novidade deste Processo Censit\u00e1rio \u00e9 que vai ser todo ele digital. Clique, no \u00e1udio abaixo, e saiba mais com a jornalista Cremilda de Freitas:<\/p>\n\t<div class=\"qtmplayer-playlist-large\">\n\t\t<ul class=\"qtmplayer-playlist\">\n\t\t\t\n\t\t\t\t\t<li class=\"qtmplayer-trackitem\">\n\t\t<img src=\"https:\/\/rna.ao\/rna.ao\/wp-content\/uploads\/2023\/07\/cunene-100x100.jpg\" alt=\"cover\">\t\t<span \t\t\tdata-qtmplayer-cover=\"https:\/\/rna.ao\/rna.ao\/wp-content\/uploads\/2023\/07\/cunene.jpg\"\n\t\t\t\t\t\tdata-qtmplayer-file=\"https:\/\/rna.ao\/rna.ao\/wp-content\/uploads\/2024\/04\/CUNENE-CENSO-POPULACIONAL-06-HRS.mp3\"\n\t\t\t\t\t\tdata-qtmplayer-title=\"Governo do Cunene realiza semin\u00e1rios de sensibiliza\u00e7\u00e3o da popula\u00e7\u00e3o no \u00e2mbito da realiza\u00e7\u00e3o do Censo Populacional e Habitacional\"\n\t\t\t\t\t\tdata-qtmplayer-artist=\"Carla\"\n\t\t\t\t\t\tdata-qtmplayer-link=\"https:\/\/rna.ao\/rna.ao\/2024\/04\/18\/governo-do-cunene-realiza-seminarios-de-sensibilizacao-da-populacao-no-ambito-da-realizacao-do-censo-populacional-e-habitacional\/\"\n\t\t\t\t\t\tdata-qtmplayer-icon=\"file_download\"\n\t\t\t\t\t\tdata-qtmplayer-type=\"track\"\n\t\t\t class=\"qtmplayer-play qtmplayer-link-sec qtmplayer-play-btn\"><i class='material-icons'>play_arrow<\/i><\/span>\n\t\t<p>\n\t\t\t<span class=\"qtmplayer-tit\">Governo do Cunene realiza semin\u00e1rios de sensibiliza\u00e7\u00e3o da popula\u00e7\u00e3o no \u00e2mbito da realiza\u00e7\u00e3o do Censo Populacional e Habitacional<\/span>\n\t\t\t<span class=\"qtmplayer-art\">Carla<\/span>\n\t\t<\/p>\n\t<\/li>\n\t\t<\/ul>\n\t<\/div>\t\t\t\n\t\n","protected":false},"excerpt":{"rendered":"<p>Decorrem na prov\u00edncia do Cunene, semin\u00e1rios de sensibiliza\u00e7\u00e3o da popula\u00e7\u00e3o no \u00e2mbito da realiza\u00e7\u00e3o do segundo Censo Populacional e Habitacional, que acontece no pr\u00f3ximo m\u00eas de julho, em todo pa\u00eds. E director provincial do Instituto Nacional de Estat\u00edstica no Cunene, disse em semin\u00e1rio que a principal novidade deste Processo Censit\u00e1rio ...<\/p>\n","protected":false},"author":10,"featured_media":108746,"comment_status":"closed","ping_status":"closed","sticky":false,"template":"","format":"standard","meta":[],"categories":[121,163],"tags":[],"_links":{"self":[{"href":"https:\/\/rna.ao\/rna.ao\/wp-json\/wp\/v2\/posts\/137951"}],"collection":[{"href":"https:\/\/rna.ao\/rna.ao\/wp-json\/wp\/v2\/posts"}],"about":[{"href":"https:\/\/rna.ao\/rna.ao\/wp-json\/wp\/v2\/types\/post"}],"author":[{"embeddable":true,"href":"https:\/\/rna.ao\/rna.ao\/wp-json\/wp\/v2\/users\/10"}],"replies":[{"embeddable":true,"href":"https:\/\/rna.ao\/rna.ao\/wp-json\/wp\/v2\/comments?post=137951"}],"version-history":[{"count":1,"href":"https:\/\/rna.ao\/rna.ao\/wp-json\/wp\/v2\/posts\/137951\/revisions"}],"predecessor-version":[{"id":137953,"href":"https:\/\/rna.ao\/rna.ao\/wp-json\/wp\/v2\/posts\/137951\/revisions\/137953"}],"wp:featuredmedia":[{"embeddable":true,"href":"https:\/\/rna.ao\/rna.ao\/wp-json\/wp\/v2\/media\/108746"}],"wp:attachment":[{"href":"https:\/\/rna.ao\/rna.ao\/wp-json\/wp\/v2\/media?parent=137951"}],"wp:term":[{"taxonomy":"category","embeddable":true,"href":"https:\/\/rna.ao\/rna.ao\/wp-json\/wp\/v2\/categories?post=137951"},{"taxonomy":"post_tag","embeddable":true,"href":"https:\/\/rna.ao\/rna.ao\/wp-json\/wp\/v2\/tags?post=137951"}],"curies":[{"name":"wp","href":"https:\/\/api.w.org\/{rel}","templated":true}]}}