{"id":137941,"date":"2024-04-18T10:40:46","date_gmt":"2024-04-18T09:40:46","guid":{"rendered":"https:\/\/rna.ao\/rna.ao\/?p=137941"},"modified":"2024-04-18T10:40:46","modified_gmt":"2024-04-18T09:40:46","slug":"angelo-victoriano-foi-um-verdadeiro-capitao-da-nossa-seleccao-nacional-goncalves-muandumba","status":"publish","type":"post","link":"https:\/\/rna.ao\/rna.ao\/2024\/04\/18\/angelo-victoriano-foi-um-verdadeiro-capitao-da-nossa-seleccao-nacional-goncalves-muandumba\/","title":{"rendered":"&#8220;\u00c2ngelo Victoriano foi um verdadeiro capit\u00e3o da nossa selec\u00e7\u00e3o nacional&#8221; Gon\u00e7alves Muandumba"},"content":{"rendered":"<p style=\"font-weight: 400;\"><img loading=\"lazy\" class=\"wp-image-137945 alignleft\" src=\"https:\/\/rna.ao\/rna.ao\/wp-content\/uploads\/2024\/04\/438089298_799142278931134_7748450919896886281_n-770x513.jpg\" alt=\"\" width=\"390\" height=\"260\" srcset=\"https:\/\/rna.ao\/rna.ao\/wp-content\/uploads\/2024\/04\/438089298_799142278931134_7748450919896886281_n-770x513.jpg 770w, https:\/\/rna.ao\/rna.ao\/wp-content\/uploads\/2024\/04\/438089298_799142278931134_7748450919896886281_n-1170x780.jpg 1170w, https:\/\/rna.ao\/rna.ao\/wp-content\/uploads\/2024\/04\/438089298_799142278931134_7748450919896886281_n-768x512.jpg 768w, https:\/\/rna.ao\/rna.ao\/wp-content\/uploads\/2024\/04\/438089298_799142278931134_7748450919896886281_n.jpg 1280w\" sizes=\"(max-width: 390px) 100vw, 390px\" \/>Restos mortais do ex-basquetebolista,\u00a0 \u00c2ngelo Victoriano, repousam desde ontem no cemit\u00e9rio da Santa-Ana. \u00a0Membros do governo e do desporto em geral estiveram no \u00faltimo adeus do basquetebolista, a destacar a presen\u00e7a do Presidente da Rep\u00fablica, Jo\u00e3o Louren\u00e7o. Justino Vitoriano, irm\u00e3o de \u00c2ngelo Vitoriano, no adeus ao irm\u00e3o real\u00e7ou a figura do malogrado. Clique no \u00e1udio e ou\u00e7a:<\/p>\n\t<div class=\"qtmplayer-playlist-large\">\n\t\t<ul class=\"qtmplayer-playlist\">\n\t\t\t\n\t\t\t\t\t<li class=\"qtmplayer-trackitem\">\n\t\t<img src=\"https:\/\/rna.ao\/rna.ao\/wp-content\/uploads\/2024\/04\/Goncalves-Muandumba-100x100.jpg\" alt=\"cover\">\t\t<span \t\t\tdata-qtmplayer-cover=\"https:\/\/rna.ao\/rna.ao\/wp-content\/uploads\/2024\/04\/Goncalves-Muandumba.jpg\"\n\t\t\t\t\t\tdata-qtmplayer-file=\"https:\/\/rna.ao\/rna.ao\/wp-content\/uploads\/2024\/04\/P-J-8-JUSTINO-VITOARIANO-18-04-24.mp3\"\n\t\t\t\t\t\tdata-qtmplayer-title=\"&#8220;\u00c2ngelo Victoriano foi um verdadeiro capit\u00e3o da nossa selec\u00e7\u00e3o nacional&#8221; Gon\u00e7alves Muandumba\"\n\t\t\t\t\t\tdata-qtmplayer-artist=\"Carla\"\n\t\t\t\t\t\tdata-qtmplayer-link=\"https:\/\/rna.ao\/rna.ao\/2024\/04\/18\/angelo-victoriano-foi-um-verdadeiro-capitao-da-nossa-seleccao-nacional-goncalves-muandumba\/\"\n\t\t\t\t\t\tdata-qtmplayer-icon=\"file_download\"\n\t\t\t\t\t\tdata-qtmplayer-type=\"track\"\n\t\t\t class=\"qtmplayer-play qtmplayer-link-sec qtmplayer-play-btn\"><i class='material-icons'>play_arrow<\/i><\/span>\n\t\t<p>\n\t\t\t<span class=\"qtmplayer-tit\">&#8220;\u00c2ngelo Victoriano foi um verdadeiro capit\u00e3o da nossa selec\u00e7\u00e3o nacional&#8221; Gon\u00e7alves Muandumba<\/span>\n\t\t\t<span class=\"qtmplayer-art\">Carla<\/span>\n\t\t<\/p>\n\t<\/li>\n\t\t<\/ul>\n\t<\/div>\t\t\t\n\t\n<p>Gon\u00e7alves Muandumba, antigo Ministro da Juventude e Desportos, enaltece os feitos de\u00a0 \u00c2ngelo Vitoriano. \u00a0Clique no \u00e1udio e ou\u00e7a:<\/p>\n\t<div class=\"qtmplayer-playlist-large\">\n\t\t<ul class=\"qtmplayer-playlist\">\n\t\t\t\n\t\t\t\t\t<li class=\"qtmplayer-trackitem\">\n\t\t<img src=\"https:\/\/rna.ao\/rna.ao\/wp-content\/uploads\/2024\/04\/Goncalves-Muandumba-100x100.jpg\" alt=\"cover\">\t\t<span \t\t\tdata-qtmplayer-cover=\"https:\/\/rna.ao\/rna.ao\/wp-content\/uploads\/2024\/04\/Goncalves-Muandumba.jpg\"\n\t\t\t\t\t\tdata-qtmplayer-file=\"https:\/\/rna.ao\/rna.ao\/wp-content\/uploads\/2024\/04\/P-J-9-GONCALVES-MUANDUMBA-18-04-24.mp3\"\n\t\t\t\t\t\tdata-qtmplayer-title=\"&#8220;\u00c2ngelo Victoriano foi um verdadeiro capit\u00e3o da nossa selec\u00e7\u00e3o nacional&#8221; Gon\u00e7alves Muandumba\"\n\t\t\t\t\t\tdata-qtmplayer-artist=\"Carla\"\n\t\t\t\t\t\tdata-qtmplayer-link=\"https:\/\/rna.ao\/rna.ao\/2024\/04\/18\/angelo-victoriano-foi-um-verdadeiro-capitao-da-nossa-seleccao-nacional-goncalves-muandumba\/\"\n\t\t\t\t\t\tdata-qtmplayer-icon=\"file_download\"\n\t\t\t\t\t\tdata-qtmplayer-type=\"track\"\n\t\t\t class=\"qtmplayer-play qtmplayer-link-sec qtmplayer-play-btn\"><i class='material-icons'>play_arrow<\/i><\/span>\n\t\t<p>\n\t\t\t<span class=\"qtmplayer-tit\">&#8220;\u00c2ngelo Victoriano foi um verdadeiro capit\u00e3o da nossa selec\u00e7\u00e3o nacional&#8221; Gon\u00e7alves Muandumba<\/span>\n\t\t\t<span class=\"qtmplayer-art\">Carla<\/span>\n\t\t<\/p>\n\t<\/li>\n\t\t<\/ul>\n\t<\/div>\t\t\t\n\t\n","protected":false},"excerpt":{"rendered":"<p>Restos mortais do ex-basquetebolista,\u00a0 \u00c2ngelo Victoriano, repousam desde ontem no cemit\u00e9rio da Santa-Ana. \u00a0Membros do governo e do desporto em geral estiveram no \u00faltimo adeus do basquetebolista, a destacar a presen\u00e7a do Presidente da Rep\u00fablica, Jo\u00e3o Louren\u00e7o. Justino Vitoriano, irm\u00e3o de \u00c2ngelo Vitoriano, no adeus ao irm\u00e3o real\u00e7ou a figura ...<\/p>\n","protected":false},"author":10,"featured_media":137944,"comment_status":"closed","ping_status":"closed","sticky":false,"template":"","format":"standard","meta":[],"categories":[145,125,164],"tags":[],"_links":{"self":[{"href":"https:\/\/rna.ao\/rna.ao\/wp-json\/wp\/v2\/posts\/137941"}],"collection":[{"href":"https:\/\/rna.ao\/rna.ao\/wp-json\/wp\/v2\/posts"}],"about":[{"href":"https:\/\/rna.ao\/rna.ao\/wp-json\/wp\/v2\/types\/post"}],"author":[{"embeddable":true,"href":"https:\/\/rna.ao\/rna.ao\/wp-json\/wp\/v2\/users\/10"}],"replies":[{"embeddable":true,"href":"https:\/\/rna.ao\/rna.ao\/wp-json\/wp\/v2\/comments?post=137941"}],"version-history":[{"count":1,"href":"https:\/\/rna.ao\/rna.ao\/wp-json\/wp\/v2\/posts\/137941\/revisions"}],"predecessor-version":[{"id":137946,"href":"https:\/\/rna.ao\/rna.ao\/wp-json\/wp\/v2\/posts\/137941\/revisions\/137946"}],"wp:featuredmedia":[{"embeddable":true,"href":"https:\/\/rna.ao\/rna.ao\/wp-json\/wp\/v2\/media\/137944"}],"wp:attachment":[{"href":"https:\/\/rna.ao\/rna.ao\/wp-json\/wp\/v2\/media?parent=137941"}],"wp:term":[{"taxonomy":"category","embeddable":true,"href":"https:\/\/rna.ao\/rna.ao\/wp-json\/wp\/v2\/categories?post=137941"},{"taxonomy":"post_tag","embeddable":true,"href":"https:\/\/rna.ao\/rna.ao\/wp-json\/wp\/v2\/tags?post=137941"}],"curies":[{"name":"wp","href":"https:\/\/api.w.org\/{rel}","templated":true}]}}