{"id":136511,"date":"2024-04-03T13:26:12","date_gmt":"2024-04-03T12:26:12","guid":{"rendered":"https:\/\/rna.ao\/rna.ao\/?p=136511"},"modified":"2024-04-03T13:26:12","modified_gmt":"2024-04-03T12:26:12","slug":"presidente-da-republica-nomeia-nova-secretaria-para-assuntos-sociais","status":"publish","type":"post","link":"https:\/\/rna.ao\/rna.ao\/2024\/04\/03\/presidente-da-republica-nomeia-nova-secretaria-para-assuntos-sociais\/","title":{"rendered":"Presidente da Rep\u00fablica nomeia nova secret\u00e1ria para Assuntos Sociais"},"content":{"rendered":"<p><img loading=\"lazy\" class=\"alignnone  wp-image-120637\" src=\"https:\/\/rna.ao\/rna.ao\/wp-content\/uploads\/2023\/10\/Joao-Manuel-Goncalves-Lourenco.jpg\" alt=\"\" width=\"329\" height=\"368\" \/><\/p>\n<p>O Chefe de Estado, Jo\u00e3o Louren\u00e7o, nomeou, esta quarta-feira, Marinela Olavo Gamb\u00f4a Laureano, como a nova secret\u00e1ria do Presidente da Rep\u00fablica para os Assuntos Sociais, em substitui\u00e7\u00e3o de Maria de F\u00e1tima Viegas.<\/p>\n<p style=\"font-weight: 400;\">e acordo com uma nota da Secret\u00e1ria de imprensa, noutro decreto, o Presidente da Rep\u00fablica exonerou Evaristo Jos\u00e9 Solano, do cargo de Secret\u00e1rio de Estado para a Justi\u00e7a.\u00a0Em sua substitui\u00e7\u00e3o, foi nomeado Osvaldo Benza Amaro.<\/p>\n<p style=\"font-weight: 400;\">Por \u00faltimo, o Presidente Jo\u00e3o Louren\u00e7o nomeou Fernando da Paix\u00e3o Andr\u00e9 Manuel para o cargo de Secret\u00e1rio de Estado para as Autarquias Locais.<\/p>\n","protected":false},"excerpt":{"rendered":"<p>O Chefe de Estado, Jo\u00e3o Louren\u00e7o, nomeou, esta quarta-feira, Marinela Olavo Gamb\u00f4a Laureano, como a nova secret\u00e1ria do Presidente da Rep\u00fablica para os Assuntos Sociais, em substitui\u00e7\u00e3o de Maria de F\u00e1tima Viegas. e acordo com uma nota da Secret\u00e1ria de imprensa, noutro decreto, o Presidente da Rep\u00fablica exonerou Evaristo Jos\u00e9 ...<\/p>\n","protected":false},"author":10,"featured_media":120637,"comment_status":"closed","ping_status":"closed","sticky":false,"template":"","format":"standard","meta":[],"categories":[142,121,163],"tags":[],"_links":{"self":[{"href":"https:\/\/rna.ao\/rna.ao\/wp-json\/wp\/v2\/posts\/136511"}],"collection":[{"href":"https:\/\/rna.ao\/rna.ao\/wp-json\/wp\/v2\/posts"}],"about":[{"href":"https:\/\/rna.ao\/rna.ao\/wp-json\/wp\/v2\/types\/post"}],"author":[{"embeddable":true,"href":"https:\/\/rna.ao\/rna.ao\/wp-json\/wp\/v2\/users\/10"}],"replies":[{"embeddable":true,"href":"https:\/\/rna.ao\/rna.ao\/wp-json\/wp\/v2\/comments?post=136511"}],"version-history":[{"count":1,"href":"https:\/\/rna.ao\/rna.ao\/wp-json\/wp\/v2\/posts\/136511\/revisions"}],"predecessor-version":[{"id":136512,"href":"https:\/\/rna.ao\/rna.ao\/wp-json\/wp\/v2\/posts\/136511\/revisions\/136512"}],"wp:featuredmedia":[{"embeddable":true,"href":"https:\/\/rna.ao\/rna.ao\/wp-json\/wp\/v2\/media\/120637"}],"wp:attachment":[{"href":"https:\/\/rna.ao\/rna.ao\/wp-json\/wp\/v2\/media?parent=136511"}],"wp:term":[{"taxonomy":"category","embeddable":true,"href":"https:\/\/rna.ao\/rna.ao\/wp-json\/wp\/v2\/categories?post=136511"},{"taxonomy":"post_tag","embeddable":true,"href":"https:\/\/rna.ao\/rna.ao\/wp-json\/wp\/v2\/tags?post=136511"}],"curies":[{"name":"wp","href":"https:\/\/api.w.org\/{rel}","templated":true}]}}