{"id":136436,"date":"2024-04-02T13:10:27","date_gmt":"2024-04-02T12:10:27","guid":{"rendered":"https:\/\/rna.ao\/rna.ao\/?p=136436"},"modified":"2024-04-02T13:10:27","modified_gmt":"2024-04-02T12:10:27","slug":"provincia-do-huambo-vai-acolher-acto-central-do-dia-da-paz-e-reconciliacao-nacional","status":"publish","type":"post","link":"https:\/\/rna.ao\/rna.ao\/2024\/04\/02\/provincia-do-huambo-vai-acolher-acto-central-do-dia-da-paz-e-reconciliacao-nacional\/","title":{"rendered":"Prov\u00edncia do Huambo vai acolher acto central do dia da Paz e Reconcilia\u00e7\u00e3o Nacional"},"content":{"rendered":"<p><img loading=\"lazy\" class=\"size-full wp-image-136438 aligncenter\" src=\"https:\/\/rna.ao\/rna.ao\/wp-content\/uploads\/2024\/04\/cidade-do-huambo-dia-da-paz.jpg\" alt=\"\" width=\"372\" height=\"213\" srcset=\"https:\/\/rna.ao\/rna.ao\/wp-content\/uploads\/2024\/04\/cidade-do-huambo-dia-da-paz.jpg 372w, https:\/\/rna.ao\/rna.ao\/wp-content\/uploads\/2024\/04\/cidade-do-huambo-dia-da-paz-370x213.jpg 370w\" sizes=\"(max-width: 372px) 100vw, 372px\" \/>O pa\u00eds est\u00e1 mobilizado para comemorar na pr\u00f3xima quinta-feira, dia 4 de Abril, os 22 anos de Paz e reconcilia\u00e7\u00e3o nacional. A prov\u00edncia do Huambo vai acolher o acto central das festividades. Nestes 22 anos de paz, o Huambo teve ganhos em v\u00e1rios sectores. Clique, no \u00e1udio abaixo, e saiba mais com a jornalista Ivone Lourdes:<\/p>\n\t<div class=\"qtmplayer-playlist-large\">\n\t\t<ul class=\"qtmplayer-playlist\">\n\t\t\t\n\t\t\t\t\t<li class=\"qtmplayer-trackitem\">\n\t\t<img src=\"https:\/\/rna.ao\/rna.ao\/wp-content\/uploads\/2024\/04\/cidade-do-huambo-dia-da-paz-100x100.jpg\" alt=\"cover\">\t\t<span \t\t\tdata-qtmplayer-cover=\"https:\/\/rna.ao\/rna.ao\/wp-content\/uploads\/2024\/04\/cidade-do-huambo-dia-da-paz.jpg\"\n\t\t\t\t\t\tdata-qtmplayer-file=\"https:\/\/rna.ao\/rna.ao\/wp-content\/uploads\/2024\/04\/HUAMBO-GANHOS-DA-PAZ-13HRS.mp3\"\n\t\t\t\t\t\tdata-qtmplayer-title=\"Prov\u00edncia do Huambo vai acolher acto central do dia da Paz e Reconcilia\u00e7\u00e3o Nacional\"\n\t\t\t\t\t\tdata-qtmplayer-artist=\"Carla\"\n\t\t\t\t\t\tdata-qtmplayer-link=\"https:\/\/rna.ao\/rna.ao\/2024\/04\/02\/provincia-do-huambo-vai-acolher-acto-central-do-dia-da-paz-e-reconciliacao-nacional\/\"\n\t\t\t\t\t\tdata-qtmplayer-icon=\"file_download\"\n\t\t\t\t\t\tdata-qtmplayer-type=\"track\"\n\t\t\t class=\"qtmplayer-play qtmplayer-link-sec qtmplayer-play-btn\"><i class='material-icons'>play_arrow<\/i><\/span>\n\t\t<p>\n\t\t\t<span class=\"qtmplayer-tit\">Prov\u00edncia do Huambo vai acolher acto central do dia da Paz e Reconcilia\u00e7\u00e3o Nacional<\/span>\n\t\t\t<span class=\"qtmplayer-art\">Carla<\/span>\n\t\t<\/p>\n\t<\/li>\n\t\t<\/ul>\n\t<\/div>\t\t\t\n\t\n","protected":false},"excerpt":{"rendered":"<p>O pa\u00eds est\u00e1 mobilizado para comemorar na pr\u00f3xima quinta-feira, dia 4 de Abril, os 22 anos de Paz e reconcilia\u00e7\u00e3o nacional. A prov\u00edncia do Huambo vai acolher o acto central das festividades. Nestes 22 anos de paz, o Huambo teve ganhos em v\u00e1rios sectores. Clique, no \u00e1udio abaixo, e saiba ...<\/p>\n","protected":false},"author":10,"featured_media":136438,"comment_status":"closed","ping_status":"closed","sticky":false,"template":"","format":"standard","meta":[],"categories":[142,121,163],"tags":[],"_links":{"self":[{"href":"https:\/\/rna.ao\/rna.ao\/wp-json\/wp\/v2\/posts\/136436"}],"collection":[{"href":"https:\/\/rna.ao\/rna.ao\/wp-json\/wp\/v2\/posts"}],"about":[{"href":"https:\/\/rna.ao\/rna.ao\/wp-json\/wp\/v2\/types\/post"}],"author":[{"embeddable":true,"href":"https:\/\/rna.ao\/rna.ao\/wp-json\/wp\/v2\/users\/10"}],"replies":[{"embeddable":true,"href":"https:\/\/rna.ao\/rna.ao\/wp-json\/wp\/v2\/comments?post=136436"}],"version-history":[{"count":1,"href":"https:\/\/rna.ao\/rna.ao\/wp-json\/wp\/v2\/posts\/136436\/revisions"}],"predecessor-version":[{"id":136439,"href":"https:\/\/rna.ao\/rna.ao\/wp-json\/wp\/v2\/posts\/136436\/revisions\/136439"}],"wp:featuredmedia":[{"embeddable":true,"href":"https:\/\/rna.ao\/rna.ao\/wp-json\/wp\/v2\/media\/136438"}],"wp:attachment":[{"href":"https:\/\/rna.ao\/rna.ao\/wp-json\/wp\/v2\/media?parent=136436"}],"wp:term":[{"taxonomy":"category","embeddable":true,"href":"https:\/\/rna.ao\/rna.ao\/wp-json\/wp\/v2\/categories?post=136436"},{"taxonomy":"post_tag","embeddable":true,"href":"https:\/\/rna.ao\/rna.ao\/wp-json\/wp\/v2\/tags?post=136436"}],"curies":[{"name":"wp","href":"https:\/\/api.w.org\/{rel}","templated":true}]}}