{"id":13643,"date":"2020-12-22T08:28:21","date_gmt":"2020-12-22T07:28:21","guid":{"rendered":"https:\/\/rna.ao\/rna.ao\/?p=13643"},"modified":"2020-12-22T08:32:35","modified_gmt":"2020-12-22T07:32:35","slug":"la-fete-de-noel-sera-differente-cette-annee","status":"publish","type":"post","link":"https:\/\/rna.ao\/rna.ao\/2020\/12\/22\/la-fete-de-noel-sera-differente-cette-annee\/","title":{"rendered":"La f\u00eate de Noel sera diff\u00e9rente cette ann\u00e9e"},"content":{"rendered":"<p><img loading=\"lazy\" class=\"size-full wp-image-13645 alignleft\" src=\"https:\/\/rna.ao\/rna.ao\/wp-content\/uploads\/2020\/12\/Festa-de-Natal.jpg\" alt=\"\" width=\"297\" height=\"170\" \/>La f\u00eate de Noel sera diff\u00e9rente cette ann\u00e9e pour moi par rapport aux autres ann\u00e9es,parceque les autres ann\u00e9es,on f\u00eater sans mesures barri\u00e8res.<\/p>\n<p>Mais cette ann\u00e9e ,on doit f\u00eater en respectant les mesures\u00a0 de pr\u00e9vention,a d\u00e9clar\u00e9 le ressortissant ivoirien,Diakit\u00e9 karamoko.<\/p>\n\t<div class=\"qtmplayer-playlist-large\">\n\t\t<ul class=\"qtmplayer-playlist\">\n\t\t\t\n\t\t\t\t\t<li class=\"qtmplayer-trackitem\">\n\t\t<img src=\"https:\/\/rna.ao\/rna.ao\/wp-content\/uploads\/2020\/12\/Festa-de-Natal-100x100.jpg\" alt=\"cover\">\t\t<span \t\t\tdata-qtmplayer-cover=\"https:\/\/rna.ao\/rna.ao\/wp-content\/uploads\/2020\/12\/Festa-de-Natal.jpg\"\n\t\t\t\t\t\tdata-qtmplayer-file=\"https:\/\/rna.ao\/rna.ao\/wp-content\/uploads\/2020\/12\/DIAKITE-KARAMOKO-IVOIRIEN-NOEL.mp3\"\n\t\t\t\t\t\tdata-qtmplayer-title=\"La f\u00eate de Noel sera diff\u00e9rente cette ann\u00e9e\"\n\t\t\t\t\t\tdata-qtmplayer-artist=\"RNA\"\n\t\t\t\t\t\tdata-qtmplayer-link=\"https:\/\/rna.ao\/rna.ao\/2020\/12\/22\/la-fete-de-noel-sera-differente-cette-annee\/\"\n\t\t\t\t\t\tdata-qtmplayer-icon=\"file_download\"\n\t\t\t\t\t\tdata-qtmplayer-type=\"track\"\n\t\t\t class=\"qtmplayer-play qtmplayer-link-sec qtmplayer-play-btn\"><i class='material-icons'>play_arrow<\/i><\/span>\n\t\t<p>\n\t\t\t<span class=\"qtmplayer-tit\">La f\u00eate de Noel sera diff\u00e9rente cette ann\u00e9e<\/span>\n\t\t\t<span class=\"qtmplayer-art\">RNA<\/span>\n\t\t<\/p>\n\t<\/li>\n\t\t<\/ul>\n\t<\/div>\t\t\t\n\t\n","protected":false},"excerpt":{"rendered":"<p>La f\u00eate de Noel sera diff\u00e9rente cette ann\u00e9e pour moi par rapport aux autres ann\u00e9es,parceque les autres ann\u00e9es,on f\u00eater sans mesures barri\u00e8res. Mais cette ann\u00e9e ,on doit f\u00eater en respectant les mesures\u00a0 de pr\u00e9vention,a d\u00e9clar\u00e9 le ressortissant ivoirien,Diakit\u00e9 karamoko.<\/p>\n","protected":false},"author":8,"featured_media":13645,"comment_status":"closed","ping_status":"closed","sticky":false,"template":"","format":"standard","meta":[],"categories":[143,137],"tags":[],"_links":{"self":[{"href":"https:\/\/rna.ao\/rna.ao\/wp-json\/wp\/v2\/posts\/13643"}],"collection":[{"href":"https:\/\/rna.ao\/rna.ao\/wp-json\/wp\/v2\/posts"}],"about":[{"href":"https:\/\/rna.ao\/rna.ao\/wp-json\/wp\/v2\/types\/post"}],"author":[{"embeddable":true,"href":"https:\/\/rna.ao\/rna.ao\/wp-json\/wp\/v2\/users\/8"}],"replies":[{"embeddable":true,"href":"https:\/\/rna.ao\/rna.ao\/wp-json\/wp\/v2\/comments?post=13643"}],"version-history":[{"count":2,"href":"https:\/\/rna.ao\/rna.ao\/wp-json\/wp\/v2\/posts\/13643\/revisions"}],"predecessor-version":[{"id":13651,"href":"https:\/\/rna.ao\/rna.ao\/wp-json\/wp\/v2\/posts\/13643\/revisions\/13651"}],"wp:featuredmedia":[{"embeddable":true,"href":"https:\/\/rna.ao\/rna.ao\/wp-json\/wp\/v2\/media\/13645"}],"wp:attachment":[{"href":"https:\/\/rna.ao\/rna.ao\/wp-json\/wp\/v2\/media?parent=13643"}],"wp:term":[{"taxonomy":"category","embeddable":true,"href":"https:\/\/rna.ao\/rna.ao\/wp-json\/wp\/v2\/categories?post=13643"},{"taxonomy":"post_tag","embeddable":true,"href":"https:\/\/rna.ao\/rna.ao\/wp-json\/wp\/v2\/tags?post=13643"}],"curies":[{"name":"wp","href":"https:\/\/api.w.org\/{rel}","templated":true}]}}