{"id":13634,"date":"2020-12-22T08:20:43","date_gmt":"2020-12-22T07:20:43","guid":{"rendered":"https:\/\/rna.ao\/rna.ao\/?p=13634"},"modified":"2020-12-22T08:20:43","modified_gmt":"2020-12-22T07:20:43","slug":"embaixadora-de-mocambique-apela-para-observancia-das-medidas-de-biosseguranca-na-quadra-festiva","status":"publish","type":"post","link":"https:\/\/rna.ao\/rna.ao\/2020\/12\/22\/embaixadora-de-mocambique-apela-para-observancia-das-medidas-de-biosseguranca-na-quadra-festiva\/","title":{"rendered":"EMBAIXADORA DE MO\u00c7AMBIQUE APELA PARA OBSERVANCIA DAS MEDIDAS DE BIOSSEGURAN\u00c7A NA QUADRA FESTIVA"},"content":{"rendered":"<p><img loading=\"lazy\" class=\"wp-image-8744 alignleft\" src=\"https:\/\/rna.ao\/rna.ao\/wp-content\/uploads\/2020\/10\/Osvalda-Joana.jpg\" alt=\"\" width=\"174\" height=\"129\" \/>A embaixadora de Mo\u00e7ambique acreditada em Angola, Osvalda Joana endere\u00e7ou uma mensagem de natal a comunidade Mo\u00e7ambicana residente no nosso pa\u00eds.<\/p>\n<p>Na sua locu\u00e7\u00e3o, a diplomata Mo\u00e7ambicana apelou aos seus concidad\u00e3os a observ\u00e2ncia das medidas de biosseguran\u00e7a por altura da quadra festiva.<\/p>\n\t<div class=\"qtmplayer-playlist-large\">\n\t\t<ul class=\"qtmplayer-playlist\">\n\t\t\t\n\t\t\t\t\t<li class=\"qtmplayer-trackitem\">\n\t\t<img src=\"https:\/\/rna.ao\/rna.ao\/wp-content\/uploads\/2020\/10\/Osvalda-Joana-100x100.jpg\" alt=\"cover\">\t\t<span \t\t\tdata-qtmplayer-cover=\"https:\/\/rna.ao\/rna.ao\/wp-content\/uploads\/2020\/10\/Osvalda-Joana.jpg\"\n\t\t\t\t\t\tdata-qtmplayer-file=\"https:\/\/rna.ao\/rna.ao\/wp-content\/uploads\/2020\/12\/PECA-ISAAC-RESENDE-EMBAIXADORA-DE-MOCAMBIQUE-22.12.2020.mp3\"\n\t\t\t\t\t\tdata-qtmplayer-title=\"EMBAIXADORA DE MO\u00c7AMBIQUE APELA PARA OBSERVANCIA DAS MEDIDAS DE BIOSSEGURAN\u00c7A NA QUADRA FESTIVA\"\n\t\t\t\t\t\tdata-qtmplayer-artist=\"RNA\"\n\t\t\t\t\t\tdata-qtmplayer-link=\"https:\/\/rna.ao\/rna.ao\/2020\/12\/22\/embaixadora-de-mocambique-apela-para-observancia-das-medidas-de-biosseguranca-na-quadra-festiva\/\"\n\t\t\t\t\t\tdata-qtmplayer-icon=\"file_download\"\n\t\t\t\t\t\tdata-qtmplayer-type=\"track\"\n\t\t\t class=\"qtmplayer-play qtmplayer-link-sec qtmplayer-play-btn\"><i class='material-icons'>play_arrow<\/i><\/span>\n\t\t<p>\n\t\t\t<span class=\"qtmplayer-tit\">EMBAIXADORA DE MO\u00c7AMBIQUE APELA PARA OBSERVANCIA DAS MEDIDAS DE BIOSSEGURAN\u00c7A NA QUADRA FESTIVA<\/span>\n\t\t\t<span class=\"qtmplayer-art\">RNA<\/span>\n\t\t<\/p>\n\t<\/li>\n\t\t<\/ul>\n\t<\/div>\t\t\t\n\t\n","protected":false},"excerpt":{"rendered":"<p>A embaixadora de Mo\u00e7ambique acreditada em Angola, Osvalda Joana endere\u00e7ou uma mensagem de natal a comunidade Mo\u00e7ambicana residente no nosso pa\u00eds. Na sua locu\u00e7\u00e3o, a diplomata Mo\u00e7ambicana apelou aos seus concidad\u00e3os a observ\u00e2ncia das medidas de biosseguran\u00e7a por altura da quadra festiva.<\/p>\n","protected":false},"author":8,"featured_media":8744,"comment_status":"closed","ping_status":"closed","sticky":false,"template":"","format":"standard","meta":[],"categories":[143,137],"tags":[],"_links":{"self":[{"href":"https:\/\/rna.ao\/rna.ao\/wp-json\/wp\/v2\/posts\/13634"}],"collection":[{"href":"https:\/\/rna.ao\/rna.ao\/wp-json\/wp\/v2\/posts"}],"about":[{"href":"https:\/\/rna.ao\/rna.ao\/wp-json\/wp\/v2\/types\/post"}],"author":[{"embeddable":true,"href":"https:\/\/rna.ao\/rna.ao\/wp-json\/wp\/v2\/users\/8"}],"replies":[{"embeddable":true,"href":"https:\/\/rna.ao\/rna.ao\/wp-json\/wp\/v2\/comments?post=13634"}],"version-history":[{"count":1,"href":"https:\/\/rna.ao\/rna.ao\/wp-json\/wp\/v2\/posts\/13634\/revisions"}],"predecessor-version":[{"id":13636,"href":"https:\/\/rna.ao\/rna.ao\/wp-json\/wp\/v2\/posts\/13634\/revisions\/13636"}],"wp:featuredmedia":[{"embeddable":true,"href":"https:\/\/rna.ao\/rna.ao\/wp-json\/wp\/v2\/media\/8744"}],"wp:attachment":[{"href":"https:\/\/rna.ao\/rna.ao\/wp-json\/wp\/v2\/media?parent=13634"}],"wp:term":[{"taxonomy":"category","embeddable":true,"href":"https:\/\/rna.ao\/rna.ao\/wp-json\/wp\/v2\/categories?post=13634"},{"taxonomy":"post_tag","embeddable":true,"href":"https:\/\/rna.ao\/rna.ao\/wp-json\/wp\/v2\/tags?post=13634"}],"curies":[{"name":"wp","href":"https:\/\/api.w.org\/{rel}","templated":true}]}}