{"id":13631,"date":"2020-12-22T08:19:07","date_gmt":"2020-12-22T07:19:07","guid":{"rendered":"https:\/\/rna.ao\/rna.ao\/?p=13631"},"modified":"2020-12-22T08:19:07","modified_gmt":"2020-12-22T07:19:07","slug":"o-ano-de-2020-foi-dificil-para-a-cultura-angelo-bengui","status":"publish","type":"post","link":"https:\/\/rna.ao\/rna.ao\/2020\/12\/22\/o-ano-de-2020-foi-dificil-para-a-cultura-angelo-bengui\/","title":{"rendered":"\u201cO ano de 2020 foi dif\u00edcil para a cultura, \u00c2ngelo Bengui\u201d"},"content":{"rendered":"<p>\u00c2ngelo Bengui, \u00e9 m\u00fasico angolano radicado na Alemanha h\u00e1 mais de trinta anos (30).<\/p>\n<p>Natural da prov\u00edncia do Uige, Bengui come\u00e7ou a cantar desde muito cedo aqui em Angola. A procura de melhores condi\u00e7\u00f5es de vida, resolveu imigrar para Alemanha onde continuo sua carreira.<\/p>\n<p>Segundo \u00c2ngelo Bengui, o ano de 2020 foi muito dif\u00edcil para os m\u00fasicos, acrescenta dizendo que desde mar\u00e7o do corrente ano que n\u00e3o sobe para um palco.<\/p>\n\t<div class=\"qtmplayer-playlist-large\">\n\t\t<ul class=\"qtmplayer-playlist\">\n\t\t\t\n\t\t\t\t\t<li class=\"qtmplayer-trackitem\">\n\t\t<img src=\"https:\/\/rna.ao\/rna.ao\/wp-content\/uploads\/2020\/12\/guitarra-100x100.jpg\" alt=\"cover\">\t\t<span \t\t\tdata-qtmplayer-cover=\"https:\/\/rna.ao\/rna.ao\/wp-content\/uploads\/2020\/12\/guitarra.jpg\"\n\t\t\t\t\t\tdata-qtmplayer-file=\"https:\/\/rna.ao\/rna.ao\/wp-content\/uploads\/2020\/12\/PECA-ISAAC-RESENDE-ANGELO-BENGUI-22.12.2020.mp3\"\n\t\t\t\t\t\tdata-qtmplayer-title=\"\u201cO ano de 2020 foi dif\u00edcil para a cultura, \u00c2ngelo Bengui\u201d\"\n\t\t\t\t\t\tdata-qtmplayer-artist=\"RNA\"\n\t\t\t\t\t\tdata-qtmplayer-link=\"https:\/\/rna.ao\/rna.ao\/2020\/12\/22\/o-ano-de-2020-foi-dificil-para-a-cultura-angelo-bengui\/\"\n\t\t\t\t\t\tdata-qtmplayer-icon=\"file_download\"\n\t\t\t\t\t\tdata-qtmplayer-type=\"track\"\n\t\t\t class=\"qtmplayer-play qtmplayer-link-sec qtmplayer-play-btn\"><i class='material-icons'>play_arrow<\/i><\/span>\n\t\t<p>\n\t\t\t<span class=\"qtmplayer-tit\">\u201cO ano de 2020 foi dif\u00edcil para a cultura, \u00c2ngelo Bengui\u201d<\/span>\n\t\t\t<span class=\"qtmplayer-art\">RNA<\/span>\n\t\t<\/p>\n\t<\/li>\n\t\t<\/ul>\n\t<\/div>\t\t\t\n\t\n","protected":false},"excerpt":{"rendered":"<p>\u00c2ngelo Bengui, \u00e9 m\u00fasico angolano radicado na Alemanha h\u00e1 mais de trinta anos (30). Natural da prov\u00edncia do Uige, Bengui come\u00e7ou a cantar desde muito cedo aqui em Angola. A procura de melhores condi\u00e7\u00f5es de vida, resolveu imigrar para Alemanha onde continuo sua carreira. Segundo \u00c2ngelo Bengui, o ano de ...<\/p>\n","protected":false},"author":8,"featured_media":13022,"comment_status":"closed","ping_status":"closed","sticky":false,"template":"","format":"standard","meta":[],"categories":[143,137],"tags":[],"_links":{"self":[{"href":"https:\/\/rna.ao\/rna.ao\/wp-json\/wp\/v2\/posts\/13631"}],"collection":[{"href":"https:\/\/rna.ao\/rna.ao\/wp-json\/wp\/v2\/posts"}],"about":[{"href":"https:\/\/rna.ao\/rna.ao\/wp-json\/wp\/v2\/types\/post"}],"author":[{"embeddable":true,"href":"https:\/\/rna.ao\/rna.ao\/wp-json\/wp\/v2\/users\/8"}],"replies":[{"embeddable":true,"href":"https:\/\/rna.ao\/rna.ao\/wp-json\/wp\/v2\/comments?post=13631"}],"version-history":[{"count":1,"href":"https:\/\/rna.ao\/rna.ao\/wp-json\/wp\/v2\/posts\/13631\/revisions"}],"predecessor-version":[{"id":13633,"href":"https:\/\/rna.ao\/rna.ao\/wp-json\/wp\/v2\/posts\/13631\/revisions\/13633"}],"wp:featuredmedia":[{"embeddable":true,"href":"https:\/\/rna.ao\/rna.ao\/wp-json\/wp\/v2\/media\/13022"}],"wp:attachment":[{"href":"https:\/\/rna.ao\/rna.ao\/wp-json\/wp\/v2\/media?parent=13631"}],"wp:term":[{"taxonomy":"category","embeddable":true,"href":"https:\/\/rna.ao\/rna.ao\/wp-json\/wp\/v2\/categories?post=13631"},{"taxonomy":"post_tag","embeddable":true,"href":"https:\/\/rna.ao\/rna.ao\/wp-json\/wp\/v2\/tags?post=13631"}],"curies":[{"name":"wp","href":"https:\/\/api.w.org\/{rel}","templated":true}]}}