{"id":136118,"date":"2024-03-28T13:18:31","date_gmt":"2024-03-28T12:18:31","guid":{"rendered":"https:\/\/rna.ao\/rna.ao\/?p=136118"},"modified":"2024-03-28T13:18:31","modified_gmt":"2024-03-28T12:18:31","slug":"joao-lourenco-conversou-ao-telefone-com-o-presidente-da-republica-da-mauritania-mohamed-ould-ghazouani-sobre-questoes-regionais","status":"publish","type":"post","link":"https:\/\/rna.ao\/rna.ao\/2024\/03\/28\/joao-lourenco-conversou-ao-telefone-com-o-presidente-da-republica-da-mauritania-mohamed-ould-ghazouani-sobre-questoes-regionais\/","title":{"rendered":"Jo\u00e3o Louren\u00e7o conversou ao telefone com o Presidente da Rep\u00fablica da Maurit\u00e2nia, Mohamed Ould Ghazouani sobre quest\u00f5es regionais"},"content":{"rendered":"<p><img loading=\"lazy\" class=\"size-full wp-image-49725 aligncenter\" src=\"https:\/\/rna.ao\/rna.ao\/wp-content\/uploads\/2022\/01\/PR-ao-telefone.jpg\" alt=\"\" width=\"308\" height=\"206\" \/>O Presidente da Rep\u00fablica, Jo\u00e3o Louren\u00e7o, falou hoje, quinta-feira, 28 de Mar\u00e7o ao telefone com o Presidente da Rep\u00fablica da Maurit\u00e2nia, Mohamed Ould Ghazouani.<\/p>\n<p>A conversa girou em torno de quest\u00f5es regionais, tendo o Presidente Ould Ghazouani, na sua qualidade de Presidente em Exerc\u00edcio da Uni\u00e3o Africana, manifestado o seu apoio aos esfor\u00e7os de media\u00e7\u00e3o que o Presidente Jo\u00e3o Louren\u00e7o desenvolve para o restabelecimento da paz na Rep\u00fablica Democr\u00e1tica do Congo.<\/p>\n<p>No telefonema, foi tamb\u00e9m abordada a coordena\u00e7\u00e3o no seio do Bureau da Assembleia da Uni\u00e3o Africana, estrutura em que Angola ocupa a Primeira Vice Presid\u00eancia.<\/p>\n","protected":false},"excerpt":{"rendered":"<p>O Presidente da Rep\u00fablica, Jo\u00e3o Louren\u00e7o, falou hoje, quinta-feira, 28 de Mar\u00e7o ao telefone com o Presidente da Rep\u00fablica da Maurit\u00e2nia, Mohamed Ould Ghazouani. A conversa girou em torno de quest\u00f5es regionais, tendo o Presidente Ould Ghazouani, na sua qualidade de Presidente em Exerc\u00edcio da Uni\u00e3o Africana, manifestado o seu ...<\/p>\n","protected":false},"author":8,"featured_media":49725,"comment_status":"closed","ping_status":"closed","sticky":false,"template":"","format":"standard","meta":[],"categories":[142,121,163],"tags":[],"_links":{"self":[{"href":"https:\/\/rna.ao\/rna.ao\/wp-json\/wp\/v2\/posts\/136118"}],"collection":[{"href":"https:\/\/rna.ao\/rna.ao\/wp-json\/wp\/v2\/posts"}],"about":[{"href":"https:\/\/rna.ao\/rna.ao\/wp-json\/wp\/v2\/types\/post"}],"author":[{"embeddable":true,"href":"https:\/\/rna.ao\/rna.ao\/wp-json\/wp\/v2\/users\/8"}],"replies":[{"embeddable":true,"href":"https:\/\/rna.ao\/rna.ao\/wp-json\/wp\/v2\/comments?post=136118"}],"version-history":[{"count":1,"href":"https:\/\/rna.ao\/rna.ao\/wp-json\/wp\/v2\/posts\/136118\/revisions"}],"predecessor-version":[{"id":136119,"href":"https:\/\/rna.ao\/rna.ao\/wp-json\/wp\/v2\/posts\/136118\/revisions\/136119"}],"wp:featuredmedia":[{"embeddable":true,"href":"https:\/\/rna.ao\/rna.ao\/wp-json\/wp\/v2\/media\/49725"}],"wp:attachment":[{"href":"https:\/\/rna.ao\/rna.ao\/wp-json\/wp\/v2\/media?parent=136118"}],"wp:term":[{"taxonomy":"category","embeddable":true,"href":"https:\/\/rna.ao\/rna.ao\/wp-json\/wp\/v2\/categories?post=136118"},{"taxonomy":"post_tag","embeddable":true,"href":"https:\/\/rna.ao\/rna.ao\/wp-json\/wp\/v2\/tags?post=136118"}],"curies":[{"name":"wp","href":"https:\/\/api.w.org\/{rel}","templated":true}]}}