{"id":13611,"date":"2020-12-22T07:20:21","date_gmt":"2020-12-22T06:20:21","guid":{"rendered":"https:\/\/rna.ao\/rna.ao\/?p=13611"},"modified":"2020-12-22T07:32:38","modified_gmt":"2020-12-22T06:32:38","slug":"bispo-valente-bizerra-luis-e-o-novo-representante-legal-da-iurd-em-angola","status":"publish","type":"post","link":"https:\/\/rna.ao\/rna.ao\/2020\/12\/22\/bispo-valente-bizerra-luis-e-o-novo-representante-legal-da-iurd-em-angola\/","title":{"rendered":"Bispo Valente Bezerra Lu\u00eds \u00e9 o novo representante legal da IURD em Angola"},"content":{"rendered":"<p><img loading=\"lazy\" class=\"size-full wp-image-13613 alignleft\" src=\"https:\/\/rna.ao\/rna.ao\/wp-content\/uploads\/2020\/12\/Valente-Bizerra-Luis-bispo.jpg\" alt=\"\" width=\"272\" height=\"186\" \/>O Instituto Nacional para os Assuntos Religiosos certificou o bispo angolano, Valente Bezerra Lu\u00eds (na foto), como representante legal da Igreja Universal do Reino de Deus (IURD) em Angola.<\/p>\n<p>Desse modo a Igreja passa a ser tutelada pela comiss\u00e3o de reforma, constitu\u00edda maioritariamente por angolanos. Clique no \u00e1udio, em baixo, e ou\u00e7a com mais desenvolvimento na reportagem:<\/p>\n\t<div class=\"qtmplayer-playlist-large\">\n\t\t<ul class=\"qtmplayer-playlist\">\n\t\t\t\n\t\t\t\t\t<li class=\"qtmplayer-trackitem\">\n\t\t<img src=\"https:\/\/rna.ao\/rna.ao\/wp-content\/uploads\/2020\/12\/Valente-Bizerra-Luis-bispo-100x100.jpg\" alt=\"cover\">\t\t<span \t\t\tdata-qtmplayer-cover=\"https:\/\/rna.ao\/rna.ao\/wp-content\/uploads\/2020\/12\/Valente-Bizerra-Luis-bispo.jpg\"\n\t\t\t\t\t\tdata-qtmplayer-file=\"https:\/\/rna.ao\/rna.ao\/wp-content\/uploads\/2020\/12\/ANTONIO-CHOCOLATE-07-HRS.mp3\"\n\t\t\t\t\t\tdata-qtmplayer-title=\"Bispo Valente Bezerra Lu\u00eds \u00e9 o novo representante legal da IURD em Angola\"\n\t\t\t\t\t\tdata-qtmplayer-artist=\"RNA\"\n\t\t\t\t\t\tdata-qtmplayer-link=\"https:\/\/rna.ao\/rna.ao\/2020\/12\/22\/bispo-valente-bizerra-luis-e-o-novo-representante-legal-da-iurd-em-angola\/\"\n\t\t\t\t\t\tdata-qtmplayer-icon=\"file_download\"\n\t\t\t\t\t\tdata-qtmplayer-type=\"track\"\n\t\t\t class=\"qtmplayer-play qtmplayer-link-sec qtmplayer-play-btn\"><i class='material-icons'>play_arrow<\/i><\/span>\n\t\t<p>\n\t\t\t<span class=\"qtmplayer-tit\">Bispo Valente Bezerra Lu\u00eds \u00e9 o novo representante legal da IURD em Angola<\/span>\n\t\t\t<span class=\"qtmplayer-art\">RNA<\/span>\n\t\t<\/p>\n\t<\/li>\n\t\t<\/ul>\n\t<\/div>\t\t\t\n\t\n<p>Fonte: RNA &#8211; Jornalista Ant\u00f3nio Chocolate<\/p>\n","protected":false},"excerpt":{"rendered":"<p>O Instituto Nacional para os Assuntos Religiosos certificou o bispo angolano, Valente Bezerra Lu\u00eds (na foto), como representante legal da Igreja Universal do Reino de Deus (IURD) em Angola. Desse modo a Igreja passa a ser tutelada pela comiss\u00e3o de reforma, constitu\u00edda maioritariamente por angolanos. Clique no \u00e1udio, em baixo, ...<\/p>\n","protected":false},"author":8,"featured_media":13613,"comment_status":"closed","ping_status":"closed","sticky":false,"template":"","format":"standard","meta":[],"categories":[142,163],"tags":[],"_links":{"self":[{"href":"https:\/\/rna.ao\/rna.ao\/wp-json\/wp\/v2\/posts\/13611"}],"collection":[{"href":"https:\/\/rna.ao\/rna.ao\/wp-json\/wp\/v2\/posts"}],"about":[{"href":"https:\/\/rna.ao\/rna.ao\/wp-json\/wp\/v2\/types\/post"}],"author":[{"embeddable":true,"href":"https:\/\/rna.ao\/rna.ao\/wp-json\/wp\/v2\/users\/8"}],"replies":[{"embeddable":true,"href":"https:\/\/rna.ao\/rna.ao\/wp-json\/wp\/v2\/comments?post=13611"}],"version-history":[{"count":4,"href":"https:\/\/rna.ao\/rna.ao\/wp-json\/wp\/v2\/posts\/13611\/revisions"}],"predecessor-version":[{"id":13617,"href":"https:\/\/rna.ao\/rna.ao\/wp-json\/wp\/v2\/posts\/13611\/revisions\/13617"}],"wp:featuredmedia":[{"embeddable":true,"href":"https:\/\/rna.ao\/rna.ao\/wp-json\/wp\/v2\/media\/13613"}],"wp:attachment":[{"href":"https:\/\/rna.ao\/rna.ao\/wp-json\/wp\/v2\/media?parent=13611"}],"wp:term":[{"taxonomy":"category","embeddable":true,"href":"https:\/\/rna.ao\/rna.ao\/wp-json\/wp\/v2\/categories?post=13611"},{"taxonomy":"post_tag","embeddable":true,"href":"https:\/\/rna.ao\/rna.ao\/wp-json\/wp\/v2\/tags?post=13611"}],"curies":[{"name":"wp","href":"https:\/\/api.w.org\/{rel}","templated":true}]}}