{"id":136107,"date":"2024-03-28T12:48:53","date_gmt":"2024-03-28T11:48:53","guid":{"rendered":"https:\/\/rna.ao\/rna.ao\/?p=136107"},"modified":"2024-03-28T12:48:53","modified_gmt":"2024-03-28T11:48:53","slug":"pr-reune-conselho-de-seguranca-nacional","status":"publish","type":"post","link":"https:\/\/rna.ao\/rna.ao\/2024\/03\/28\/pr-reune-conselho-de-seguranca-nacional\/","title":{"rendered":"PR re\u00fane conselho de Seguran\u00e7a Nacional"},"content":{"rendered":"<div class=\"x11i5rnm xat24cr x1mh8g0r x1vvkbs xtlvy1s x126k92a\">\n<div dir=\"auto\"><img loading=\"lazy\" class=\"size-full wp-image-136108 aligncenter\" src=\"https:\/\/rna.ao\/rna.ao\/wp-content\/uploads\/2024\/03\/Conselho-de-Seguranca.jpg\" alt=\"\" width=\"360\" height=\"208\" \/>O Conselho de Seguran\u00e7a Nacional encontra-se reunido no Pal\u00e1cio Presidencial, em Luanda, na sua primeira sess\u00e3o do ano, sob orienta\u00e7\u00e3o do Presidente da Rep\u00fablica e Comandante-em-Chefe das For\u00e7as Armadas Angolanas, Jo\u00e3o Louren\u00e7o.<\/div>\n<\/div>\n<div class=\"x11i5rnm xat24cr x1mh8g0r x1vvkbs xtlvy1s x126k92a\">\n<div dir=\"auto\">A reuni\u00e3o aborda temas espec\u00edficos ligados ao \u00e2mbito de actua\u00e7\u00e3o do Conselho de Seguran\u00e7a Nacional.<\/div>\n<\/div>\n<div class=\"x11i5rnm xat24cr x1mh8g0r x1vvkbs xtlvy1s x126k92a\">\n<div dir=\"auto\">O Conselho de Seguran\u00e7a Nacional \u00e9 o \u00f3rg\u00e3o de consulta do Presidente da Rep\u00fablica para assuntos relativos \u00e0 condu\u00e7\u00e3o da pol\u00edtica e estrat\u00e9gia de Seguran\u00e7a Nacional, bem como \u00e0 organiza\u00e7\u00e3o, funcionamento e disciplina das For\u00e7as Armadas Angolanas, da Pol\u00edcia Nacional e demais organismos de garantia da ordem constitucional e dos \u00f3rg\u00e3os de intelig\u00eancia e de seguran\u00e7a do Estado.<\/div>\n<div dir=\"auto\"><\/div>\n<\/div>\n<div class=\"x11i5rnm xat24cr x1mh8g0r x1vvkbs xtlvy1s x126k92a\">\n<div dir=\"auto\">S\u00e3o membros deste \u00f3rg\u00e3o o Vice-Presidente da Rep\u00fablica, os presidentes da Assembleia Nacional, dos tribunais Constitucional e Supremo e o Procurador-Geral da Rep\u00fablica. Fazem igualmente parte do Conselho de Seguran\u00e7a Nacional os Ministros de Estado e ministros indicados pelo Presidente da Rep\u00fablica, al\u00e9m de outras entidades que o Titular do Poder Executivo determinar.<\/div>\n<\/div>\n","protected":false},"excerpt":{"rendered":"<p>O Conselho de Seguran\u00e7a Nacional encontra-se reunido no Pal\u00e1cio Presidencial, em Luanda, na sua primeira sess\u00e3o do ano, sob orienta\u00e7\u00e3o do Presidente da Rep\u00fablica e Comandante-em-Chefe das For\u00e7as Armadas Angolanas, Jo\u00e3o Louren\u00e7o. A reuni\u00e3o aborda temas espec\u00edficos ligados ao \u00e2mbito de actua\u00e7\u00e3o do Conselho de Seguran\u00e7a Nacional. O Conselho de ...<\/p>\n","protected":false},"author":8,"featured_media":136108,"comment_status":"closed","ping_status":"closed","sticky":false,"template":"","format":"standard","meta":[],"categories":[121,163],"tags":[],"_links":{"self":[{"href":"https:\/\/rna.ao\/rna.ao\/wp-json\/wp\/v2\/posts\/136107"}],"collection":[{"href":"https:\/\/rna.ao\/rna.ao\/wp-json\/wp\/v2\/posts"}],"about":[{"href":"https:\/\/rna.ao\/rna.ao\/wp-json\/wp\/v2\/types\/post"}],"author":[{"embeddable":true,"href":"https:\/\/rna.ao\/rna.ao\/wp-json\/wp\/v2\/users\/8"}],"replies":[{"embeddable":true,"href":"https:\/\/rna.ao\/rna.ao\/wp-json\/wp\/v2\/comments?post=136107"}],"version-history":[{"count":1,"href":"https:\/\/rna.ao\/rna.ao\/wp-json\/wp\/v2\/posts\/136107\/revisions"}],"predecessor-version":[{"id":136109,"href":"https:\/\/rna.ao\/rna.ao\/wp-json\/wp\/v2\/posts\/136107\/revisions\/136109"}],"wp:featuredmedia":[{"embeddable":true,"href":"https:\/\/rna.ao\/rna.ao\/wp-json\/wp\/v2\/media\/136108"}],"wp:attachment":[{"href":"https:\/\/rna.ao\/rna.ao\/wp-json\/wp\/v2\/media?parent=136107"}],"wp:term":[{"taxonomy":"category","embeddable":true,"href":"https:\/\/rna.ao\/rna.ao\/wp-json\/wp\/v2\/categories?post=136107"},{"taxonomy":"post_tag","embeddable":true,"href":"https:\/\/rna.ao\/rna.ao\/wp-json\/wp\/v2\/tags?post=136107"}],"curies":[{"name":"wp","href":"https:\/\/api.w.org\/{rel}","templated":true}]}}