{"id":136008,"date":"2024-03-28T07:37:40","date_gmt":"2024-03-28T06:37:40","guid":{"rendered":"https:\/\/rna.ao\/rna.ao\/?p=136008"},"modified":"2024-03-28T07:37:40","modified_gmt":"2024-03-28T06:37:40","slug":"dia-mundial-do-teatro-joao-lourenco-destaca-construcao-de-mais-infraestruturas-para-valorizacao-do-sector-em-angola","status":"publish","type":"post","link":"https:\/\/rna.ao\/rna.ao\/2024\/03\/28\/dia-mundial-do-teatro-joao-lourenco-destaca-construcao-de-mais-infraestruturas-para-valorizacao-do-sector-em-angola\/","title":{"rendered":"Dia mundial do teatro:  Jo\u00e3o Louren\u00e7o destaca constru\u00e7\u00e3o de mais infraestruturas para valoriza\u00e7\u00e3o do sector em Angola"},"content":{"rendered":"<p><img loading=\"lazy\" class=\"wp-image-136009 aligncenter\" src=\"https:\/\/rna.ao\/rna.ao\/wp-content\/uploads\/2024\/03\/TEATRO.jpg\" alt=\"\" width=\"349\" height=\"200\" \/>O Presidente Jo\u00e3o Louren\u00e7o sublinha que a preserva\u00e7\u00e3o dos nossos valores culturais e a projec\u00e7\u00e3o da nossa identidade devem constituir objectivo permanente de todas as nossas ac\u00e7\u00f5es.\u00a0No dia Mundial do Teatro, Jo\u00e3o Louren\u00e7o, reitera o compromisso da cria\u00e7\u00e3o de espa\u00e7os condignos para maior valoriza\u00e7\u00e3o desta arte de representar a realidade, assente nos nossos h\u00e1bitos e costumes.\u00a0E garante que depois da inaugura\u00e7\u00e3o do Centro Cultural do Huambo, o Executivo est\u00e1 empenhado na constru\u00e7\u00e3o da futura Casa do Artista e Pal\u00e1cio da M\u00fasica e Teatro, em Luanda, iniciativas que, obviamente, se v\u00e3o multiplicar por todo o pa\u00eds.<\/p>\n<p>Neste dia, o Presidente Jo\u00e3o Louren\u00e7o d\u00e1 abra\u00e7o aos fazedores de teatro, verdadeiros her\u00f3is que, em ambiente de muitas adversidades, fazem desta arte um instrumento eficaz para manter viva a consci\u00eancia sobre n\u00f3s mesmos.<\/p>\n<p>&nbsp;<\/p>\n","protected":false},"excerpt":{"rendered":"<p>O Presidente Jo\u00e3o Louren\u00e7o sublinha que a preserva\u00e7\u00e3o dos nossos valores culturais e a projec\u00e7\u00e3o da nossa identidade devem constituir objectivo permanente de todas as nossas ac\u00e7\u00f5es.\u00a0No dia Mundial do Teatro, Jo\u00e3o Louren\u00e7o, reitera o compromisso da cria\u00e7\u00e3o de espa\u00e7os condignos para maior valoriza\u00e7\u00e3o desta arte de representar a realidade, ...<\/p>\n","protected":false},"author":8,"featured_media":136010,"comment_status":"closed","ping_status":"closed","sticky":false,"template":"","format":"standard","meta":[],"categories":[142,164,163],"tags":[],"_links":{"self":[{"href":"https:\/\/rna.ao\/rna.ao\/wp-json\/wp\/v2\/posts\/136008"}],"collection":[{"href":"https:\/\/rna.ao\/rna.ao\/wp-json\/wp\/v2\/posts"}],"about":[{"href":"https:\/\/rna.ao\/rna.ao\/wp-json\/wp\/v2\/types\/post"}],"author":[{"embeddable":true,"href":"https:\/\/rna.ao\/rna.ao\/wp-json\/wp\/v2\/users\/8"}],"replies":[{"embeddable":true,"href":"https:\/\/rna.ao\/rna.ao\/wp-json\/wp\/v2\/comments?post=136008"}],"version-history":[{"count":1,"href":"https:\/\/rna.ao\/rna.ao\/wp-json\/wp\/v2\/posts\/136008\/revisions"}],"predecessor-version":[{"id":136011,"href":"https:\/\/rna.ao\/rna.ao\/wp-json\/wp\/v2\/posts\/136008\/revisions\/136011"}],"wp:featuredmedia":[{"embeddable":true,"href":"https:\/\/rna.ao\/rna.ao\/wp-json\/wp\/v2\/media\/136010"}],"wp:attachment":[{"href":"https:\/\/rna.ao\/rna.ao\/wp-json\/wp\/v2\/media?parent=136008"}],"wp:term":[{"taxonomy":"category","embeddable":true,"href":"https:\/\/rna.ao\/rna.ao\/wp-json\/wp\/v2\/categories?post=136008"},{"taxonomy":"post_tag","embeddable":true,"href":"https:\/\/rna.ao\/rna.ao\/wp-json\/wp\/v2\/tags?post=136008"}],"curies":[{"name":"wp","href":"https:\/\/api.w.org\/{rel}","templated":true}]}}