{"id":13592,"date":"2020-12-21T23:08:01","date_gmt":"2020-12-21T22:08:01","guid":{"rendered":"https:\/\/rna.ao\/rna.ao\/?p=13592"},"modified":"2020-12-21T23:08:01","modified_gmt":"2020-12-21T22:08:01","slug":"primeiras-doses-da-vacina-contra-a-covid-19-chegam-ao-pais-em-dois-meses","status":"publish","type":"post","link":"https:\/\/rna.ao\/rna.ao\/2020\/12\/21\/primeiras-doses-da-vacina-contra-a-covid-19-chegam-ao-pais-em-dois-meses\/","title":{"rendered":"Primeiras doses da vacina contra a Covid-19 chegam ao pa\u00eds em dois meses"},"content":{"rendered":"<p><img loading=\"lazy\" class=\"size-full wp-image-13597 alignleft\" src=\"https:\/\/rna.ao\/rna.ao\/wp-content\/uploads\/2020\/12\/Silvia-Lutucuta-99.jpg\" alt=\"\" width=\"336\" height=\"224\" \/>As primeiras doze milh\u00f5es de doses da vacina, contra a Covid-19, chegam \u00e0 Angola dentro de dois meses.<\/p>\n<p>As vacinas, que v\u00e3o ser doadas ao nosso pa\u00eds, v\u00e3o servir, numa primeira fase, para imunizar pessoas com mais de quarenta anos de idade, e pessoas de elevado risco de exposi\u00e7\u00e3o.<\/p>\n<p>O plano nacional de vacina\u00e7\u00e3o, contra a Covid-19, foi aprovado segunda-feira, 21\/12, enquanto as autoridades sanit\u00e1rias do pa\u00eds criam condi\u00e7\u00f5es log\u00edsticas, locais, para conservar as primeiras doses da vacina. Clique no \u00e1udio, em baixo, e ou\u00e7a com mais desenvolvimento na reportagem:<\/p>\n\t<div class=\"qtmplayer-playlist-large\">\n\t\t<ul class=\"qtmplayer-playlist\">\n\t\t\t\n\t\t\t\t\t<li class=\"qtmplayer-trackitem\">\n\t\t<img src=\"https:\/\/rna.ao\/rna.ao\/wp-content\/uploads\/2020\/12\/Vacina-Covid-19-100x100.jpg\" alt=\"cover\">\t\t<span \t\t\tdata-qtmplayer-cover=\"https:\/\/rna.ao\/rna.ao\/wp-content\/uploads\/2020\/12\/Vacina-Covid-19.jpg\"\n\t\t\t\t\t\tdata-qtmplayer-file=\"https:\/\/rna.ao\/rna.ao\/wp-content\/uploads\/2020\/12\/MANUEL-ESPERANCA-4.mp3\"\n\t\t\t\t\t\tdata-qtmplayer-title=\"Primeiras doses da vacina contra a Covid-19 chegam ao pa\u00eds em dois meses\"\n\t\t\t\t\t\tdata-qtmplayer-artist=\"RNA\"\n\t\t\t\t\t\tdata-qtmplayer-link=\"https:\/\/rna.ao\/rna.ao\/2020\/12\/21\/primeiras-doses-da-vacina-contra-a-covid-19-chegam-ao-pais-em-dois-meses\/\"\n\t\t\t\t\t\tdata-qtmplayer-icon=\"file_download\"\n\t\t\t\t\t\tdata-qtmplayer-type=\"track\"\n\t\t\t class=\"qtmplayer-play qtmplayer-link-sec qtmplayer-play-btn\"><i class='material-icons'>play_arrow<\/i><\/span>\n\t\t<p>\n\t\t\t<span class=\"qtmplayer-tit\">Primeiras doses da vacina contra a Covid-19 chegam ao pa\u00eds em dois meses<\/span>\n\t\t\t<span class=\"qtmplayer-art\">RNA<\/span>\n\t\t<\/p>\n\t<\/li>\n\t\t<\/ul>\n\t<\/div>\t\t\t\n\t\n<p>Fonte: RNA &#8211; Jornalista Manuel Esperan\u00e7a<\/p>\n","protected":false},"excerpt":{"rendered":"<p>As primeiras doze milh\u00f5es de doses da vacina, contra a Covid-19, chegam \u00e0 Angola dentro de dois meses. As vacinas, que v\u00e3o ser doadas ao nosso pa\u00eds, v\u00e3o servir, numa primeira fase, para imunizar pessoas com mais de quarenta anos de idade, e pessoas de elevado risco de exposi\u00e7\u00e3o. O ...<\/p>\n","protected":false},"author":8,"featured_media":13598,"comment_status":"closed","ping_status":"closed","sticky":false,"template":"","format":"standard","meta":[],"categories":[163],"tags":[],"_links":{"self":[{"href":"https:\/\/rna.ao\/rna.ao\/wp-json\/wp\/v2\/posts\/13592"}],"collection":[{"href":"https:\/\/rna.ao\/rna.ao\/wp-json\/wp\/v2\/posts"}],"about":[{"href":"https:\/\/rna.ao\/rna.ao\/wp-json\/wp\/v2\/types\/post"}],"author":[{"embeddable":true,"href":"https:\/\/rna.ao\/rna.ao\/wp-json\/wp\/v2\/users\/8"}],"replies":[{"embeddable":true,"href":"https:\/\/rna.ao\/rna.ao\/wp-json\/wp\/v2\/comments?post=13592"}],"version-history":[{"count":1,"href":"https:\/\/rna.ao\/rna.ao\/wp-json\/wp\/v2\/posts\/13592\/revisions"}],"predecessor-version":[{"id":13599,"href":"https:\/\/rna.ao\/rna.ao\/wp-json\/wp\/v2\/posts\/13592\/revisions\/13599"}],"wp:featuredmedia":[{"embeddable":true,"href":"https:\/\/rna.ao\/rna.ao\/wp-json\/wp\/v2\/media\/13598"}],"wp:attachment":[{"href":"https:\/\/rna.ao\/rna.ao\/wp-json\/wp\/v2\/media?parent=13592"}],"wp:term":[{"taxonomy":"category","embeddable":true,"href":"https:\/\/rna.ao\/rna.ao\/wp-json\/wp\/v2\/categories?post=13592"},{"taxonomy":"post_tag","embeddable":true,"href":"https:\/\/rna.ao\/rna.ao\/wp-json\/wp\/v2\/tags?post=13592"}],"curies":[{"name":"wp","href":"https:\/\/api.w.org\/{rel}","templated":true}]}}