{"id":13590,"date":"2020-12-21T23:04:23","date_gmt":"2020-12-21T22:04:23","guid":{"rendered":"https:\/\/rna.ao\/rna.ao\/?p=13590"},"modified":"2020-12-22T08:08:35","modified_gmt":"2020-12-22T07:08:35","slug":"conselho-de-ministros-aprova-alteracao-da-lei-das-areas-de-conservacao-ambiental","status":"publish","type":"post","link":"https:\/\/rna.ao\/rna.ao\/2020\/12\/21\/conselho-de-ministros-aprova-alteracao-da-lei-das-areas-de-conservacao-ambiental\/","title":{"rendered":"Conselho de Ministros aprova altera\u00e7\u00e3o da Lei das \u00e1reas de conserva\u00e7\u00e3o ambiental"},"content":{"rendered":"<p><img loading=\"lazy\" class=\"wp-image-9715 alignleft\" src=\"https:\/\/rna.ao\/rna.ao\/wp-content\/uploads\/2020\/10\/Jomo-Fortunato-1.jpg\" alt=\"\" width=\"280\" height=\"187\" \/>O Conselho de Ministros apreciou e aprovou segunda-feira, 21\/12,\u00a0 na sua d\u00e9cima segunda sess\u00e3o ordin\u00e1ria, a proposta de Lei, que altera a Lei das \u00e1reas de conserva\u00e7\u00e3o ambiental.<\/p>\n<p>O documento segue agora para a Assembleia Nacional, onde vai ser apreciado e enriquecido, pelos parlamentares.<\/p>\n<p>O Ministro da Cultura, Turismo e Ambiente, Jomo Fortunato (na foto), avan\u00e7ou, \u00e0 RNA, que a proposta visa assegurar a aplica\u00e7\u00e3o do regime de excep\u00e7\u00e3o, nas categorias de reservas naturais e parques nacionais, permitindo assim a explora\u00e7\u00e3o de mineiros, ou petr\u00f3leos, nestas \u00e1reas. Clique no \u00e1udio, em baixo, e ou\u00e7a:<\/p>\n\t<div class=\"qtmplayer-playlist-large\">\n\t\t<ul class=\"qtmplayer-playlist\">\n\t\t\t\n\t\t\t\t\t<li class=\"qtmplayer-trackitem\">\n\t\t<img src=\"https:\/\/rna.ao\/rna.ao\/wp-content\/uploads\/2020\/12\/conselho-de-ministros-8-100x100.jpg\" alt=\"cover\">\t\t<span \t\t\tdata-qtmplayer-cover=\"https:\/\/rna.ao\/rna.ao\/wp-content\/uploads\/2020\/12\/conselho-de-ministros-8.jpg\"\n\t\t\t\t\t\tdata-qtmplayer-file=\"https:\/\/rna.ao\/rna.ao\/wp-content\/uploads\/2020\/12\/JOMO-FORTUNATO.mp3\"\n\t\t\t\t\t\tdata-qtmplayer-title=\"Conselho de Ministros aprova altera\u00e7\u00e3o da Lei das \u00e1reas de conserva\u00e7\u00e3o ambiental\"\n\t\t\t\t\t\tdata-qtmplayer-artist=\"RNA\"\n\t\t\t\t\t\tdata-qtmplayer-link=\"https:\/\/rna.ao\/rna.ao\/2020\/12\/21\/conselho-de-ministros-aprova-alteracao-da-lei-das-areas-de-conservacao-ambiental\/\"\n\t\t\t\t\t\tdata-qtmplayer-icon=\"file_download\"\n\t\t\t\t\t\tdata-qtmplayer-type=\"track\"\n\t\t\t class=\"qtmplayer-play qtmplayer-link-sec qtmplayer-play-btn\"><i class='material-icons'>play_arrow<\/i><\/span>\n\t\t<p>\n\t\t\t<span class=\"qtmplayer-tit\">Conselho de Ministros aprova altera\u00e7\u00e3o da Lei das \u00e1reas de conserva\u00e7\u00e3o ambiental<\/span>\n\t\t\t<span class=\"qtmplayer-art\">RNA<\/span>\n\t\t<\/p>\n\t<\/li>\n\t\t<\/ul>\n\t<\/div>\t\t\t\n\t\n<p>Fonte: RNA<\/p>\n","protected":false},"excerpt":{"rendered":"<p>O Conselho de Ministros apreciou e aprovou segunda-feira, 21\/12,\u00a0 na sua d\u00e9cima segunda sess\u00e3o ordin\u00e1ria, a proposta de Lei, que altera a Lei das \u00e1reas de conserva\u00e7\u00e3o ambiental. O documento segue agora para a Assembleia Nacional, onde vai ser apreciado e enriquecido, pelos parlamentares. O Ministro da Cultura, Turismo e ...<\/p>\n","protected":false},"author":8,"featured_media":13629,"comment_status":"closed","ping_status":"closed","sticky":false,"template":"","format":"standard","meta":[],"categories":[163],"tags":[],"_links":{"self":[{"href":"https:\/\/rna.ao\/rna.ao\/wp-json\/wp\/v2\/posts\/13590"}],"collection":[{"href":"https:\/\/rna.ao\/rna.ao\/wp-json\/wp\/v2\/posts"}],"about":[{"href":"https:\/\/rna.ao\/rna.ao\/wp-json\/wp\/v2\/types\/post"}],"author":[{"embeddable":true,"href":"https:\/\/rna.ao\/rna.ao\/wp-json\/wp\/v2\/users\/8"}],"replies":[{"embeddable":true,"href":"https:\/\/rna.ao\/rna.ao\/wp-json\/wp\/v2\/comments?post=13590"}],"version-history":[{"count":2,"href":"https:\/\/rna.ao\/rna.ao\/wp-json\/wp\/v2\/posts\/13590\/revisions"}],"predecessor-version":[{"id":13600,"href":"https:\/\/rna.ao\/rna.ao\/wp-json\/wp\/v2\/posts\/13590\/revisions\/13600"}],"wp:featuredmedia":[{"embeddable":true,"href":"https:\/\/rna.ao\/rna.ao\/wp-json\/wp\/v2\/media\/13629"}],"wp:attachment":[{"href":"https:\/\/rna.ao\/rna.ao\/wp-json\/wp\/v2\/media?parent=13590"}],"wp:term":[{"taxonomy":"category","embeddable":true,"href":"https:\/\/rna.ao\/rna.ao\/wp-json\/wp\/v2\/categories?post=13590"},{"taxonomy":"post_tag","embeddable":true,"href":"https:\/\/rna.ao\/rna.ao\/wp-json\/wp\/v2\/tags?post=13590"}],"curies":[{"name":"wp","href":"https:\/\/api.w.org\/{rel}","templated":true}]}}