{"id":13578,"date":"2020-12-21T22:37:52","date_gmt":"2020-12-21T21:37:52","guid":{"rendered":"https:\/\/rna.ao\/rna.ao\/?p=13578"},"modified":"2020-12-21T22:37:52","modified_gmt":"2020-12-21T21:37:52","slug":"angola-vai-ganhar-mais-uma-fabrica-de-gas-natural","status":"publish","type":"post","link":"https:\/\/rna.ao\/rna.ao\/2020\/12\/21\/angola-vai-ganhar-mais-uma-fabrica-de-gas-natural\/","title":{"rendered":"Angola vai ganhar mais uma f\u00e1brica de g\u00e1s natural"},"content":{"rendered":"<p><img loading=\"lazy\" class=\"size-full wp-image-13585 alignleft\" src=\"https:\/\/rna.ao\/rna.ao\/wp-content\/uploads\/2020\/12\/Fabrica-Gas-Soyo.jpg\" alt=\"\" width=\"306\" height=\"165\" \/>Angola vai ganhar, brevemente, mais uma f\u00e1brica de g\u00e1s natural, unidade que est\u00e1 a ser implantada na localidade de Kivinga Vemba, na prov\u00edncia do Soyo, e prev\u00ea potenciar, em 2024, o projecto Angola LNG.<\/p>\n<p>O projecto, que come\u00e7a a ser constru\u00eddo nos pr\u00f3ximos dias, foi apresentado nesta segunda-feira, 21\/12, no Soyo, \u00e0 sociedade civil, sendo que as quest\u00f5es ambientais est\u00e3o acauteladas. Clique no \u00e1udio, em baixo, e ou\u00e7a com mais desenvolvimento na reportagem:<\/p>\n\t<div class=\"qtmplayer-playlist-large\">\n\t\t<ul class=\"qtmplayer-playlist\">\n\t\t\t\n\t\t\t\t\t<li class=\"qtmplayer-trackitem\">\n\t\t<img src=\"https:\/\/rna.ao\/rna.ao\/wp-content\/uploads\/2020\/12\/Fabrica-Gas-Soyo-100x100.jpg\" alt=\"cover\">\t\t<span \t\t\tdata-qtmplayer-cover=\"https:\/\/rna.ao\/rna.ao\/wp-content\/uploads\/2020\/12\/Fabrica-Gas-Soyo.jpg\"\n\t\t\t\t\t\tdata-qtmplayer-file=\"https:\/\/rna.ao\/rna.ao\/wp-content\/uploads\/2020\/12\/ALBERTO-SEGUNDA.mp3\"\n\t\t\t\t\t\tdata-qtmplayer-title=\"Angola vai ganhar mais uma f\u00e1brica de g\u00e1s natural\"\n\t\t\t\t\t\tdata-qtmplayer-artist=\"RNA\"\n\t\t\t\t\t\tdata-qtmplayer-link=\"https:\/\/rna.ao\/rna.ao\/2020\/12\/21\/angola-vai-ganhar-mais-uma-fabrica-de-gas-natural\/\"\n\t\t\t\t\t\tdata-qtmplayer-icon=\"file_download\"\n\t\t\t\t\t\tdata-qtmplayer-type=\"track\"\n\t\t\t class=\"qtmplayer-play qtmplayer-link-sec qtmplayer-play-btn\"><i class='material-icons'>play_arrow<\/i><\/span>\n\t\t<p>\n\t\t\t<span class=\"qtmplayer-tit\">Angola vai ganhar mais uma f\u00e1brica de g\u00e1s natural<\/span>\n\t\t\t<span class=\"qtmplayer-art\">RNA<\/span>\n\t\t<\/p>\n\t<\/li>\n\t\t<\/ul>\n\t<\/div>\t\t\t\n\t\n<p>Fonte: RNA \u2013 Jornalista Alberto Segunda<\/p>\n","protected":false},"excerpt":{"rendered":"<p>Angola vai ganhar, brevemente, mais uma f\u00e1brica de g\u00e1s natural, unidade que est\u00e1 a ser implantada na localidade de Kivinga Vemba, na prov\u00edncia do Soyo, e prev\u00ea potenciar, em 2024, o projecto Angola LNG. O projecto, que come\u00e7a a ser constru\u00eddo nos pr\u00f3ximos dias, foi apresentado nesta segunda-feira, 21\/12, no ...<\/p>\n","protected":false},"author":8,"featured_media":13585,"comment_status":"closed","ping_status":"closed","sticky":false,"template":"","format":"standard","meta":[],"categories":[163],"tags":[],"_links":{"self":[{"href":"https:\/\/rna.ao\/rna.ao\/wp-json\/wp\/v2\/posts\/13578"}],"collection":[{"href":"https:\/\/rna.ao\/rna.ao\/wp-json\/wp\/v2\/posts"}],"about":[{"href":"https:\/\/rna.ao\/rna.ao\/wp-json\/wp\/v2\/types\/post"}],"author":[{"embeddable":true,"href":"https:\/\/rna.ao\/rna.ao\/wp-json\/wp\/v2\/users\/8"}],"replies":[{"embeddable":true,"href":"https:\/\/rna.ao\/rna.ao\/wp-json\/wp\/v2\/comments?post=13578"}],"version-history":[{"count":1,"href":"https:\/\/rna.ao\/rna.ao\/wp-json\/wp\/v2\/posts\/13578\/revisions"}],"predecessor-version":[{"id":13586,"href":"https:\/\/rna.ao\/rna.ao\/wp-json\/wp\/v2\/posts\/13578\/revisions\/13586"}],"wp:featuredmedia":[{"embeddable":true,"href":"https:\/\/rna.ao\/rna.ao\/wp-json\/wp\/v2\/media\/13585"}],"wp:attachment":[{"href":"https:\/\/rna.ao\/rna.ao\/wp-json\/wp\/v2\/media?parent=13578"}],"wp:term":[{"taxonomy":"category","embeddable":true,"href":"https:\/\/rna.ao\/rna.ao\/wp-json\/wp\/v2\/categories?post=13578"},{"taxonomy":"post_tag","embeddable":true,"href":"https:\/\/rna.ao\/rna.ao\/wp-json\/wp\/v2\/tags?post=13578"}],"curies":[{"name":"wp","href":"https:\/\/api.w.org\/{rel}","templated":true}]}}