{"id":13576,"date":"2020-12-21T22:31:24","date_gmt":"2020-12-21T21:31:24","guid":{"rendered":"https:\/\/rna.ao\/rna.ao\/?p=13576"},"modified":"2020-12-22T07:31:28","modified_gmt":"2020-12-22T06:31:28","slug":"voos-da-taag-voltam-a-escalar-a-cidade-do-dundo","status":"publish","type":"post","link":"https:\/\/rna.ao\/rna.ao\/2020\/12\/21\/voos-da-taag-voltam-a-escalar-a-cidade-do-dundo\/","title":{"rendered":"Voos da TAAG voltam a escalar a cidade do Dundo"},"content":{"rendered":"<p><img loading=\"lazy\" class=\"size-full wp-image-13582 alignleft\" src=\"https:\/\/rna.ao\/rna.ao\/wp-content\/uploads\/2020\/12\/TAAG-Aviao.jpg\" alt=\"\" width=\"299\" height=\"169\" \/>As prov\u00edncias de Luanda e da Lunda-Norte voltaram a estar ligadas por via a\u00e9rea, nove meses depois, com a retoma esta segunda-feira, 21\/12, dos voos da companhia nacional TAAG.<\/p>\n<p>A Lunda-Norte torna-se assim na segunda Prov\u00edncia, depois de Cabinda, a receber voos comerciais, com a abertura gradual das medidas de confinamento vigentes no pa\u00eds.<\/p>\n<p>O retomar dos voos da TAAG, para a cidade do Dundo, \u00e9 visto como um al\u00edvio para a popula\u00e7\u00e3o local, que era obrigada a deslocar-se \u00e0 Luanda por estrada, e com custos avultados face ao mau estado das estradas. Clique no \u00e1udio, em baixo, e saiba mais na reportagem:<\/p>\n\t<div class=\"qtmplayer-playlist-large\">\n\t\t<ul class=\"qtmplayer-playlist\">\n\t\t\t\n\t\t\t\t\t<li class=\"qtmplayer-trackitem\">\n\t\t<img src=\"https:\/\/rna.ao\/rna.ao\/wp-content\/uploads\/2020\/12\/TAAG-Aviao-100x100.jpg\" alt=\"cover\">\t\t<span \t\t\tdata-qtmplayer-cover=\"https:\/\/rna.ao\/rna.ao\/wp-content\/uploads\/2020\/12\/TAAG-Aviao.jpg\"\n\t\t\t\t\t\tdata-qtmplayer-file=\"https:\/\/rna.ao\/rna.ao\/wp-content\/uploads\/2020\/12\/EDUARDO-LEANDRO.mp3\"\n\t\t\t\t\t\tdata-qtmplayer-title=\"Voos da TAAG voltam a escalar a cidade do Dundo\"\n\t\t\t\t\t\tdata-qtmplayer-artist=\"RNA\"\n\t\t\t\t\t\tdata-qtmplayer-link=\"https:\/\/rna.ao\/rna.ao\/2020\/12\/21\/voos-da-taag-voltam-a-escalar-a-cidade-do-dundo\/\"\n\t\t\t\t\t\tdata-qtmplayer-icon=\"file_download\"\n\t\t\t\t\t\tdata-qtmplayer-type=\"track\"\n\t\t\t class=\"qtmplayer-play qtmplayer-link-sec qtmplayer-play-btn\"><i class='material-icons'>play_arrow<\/i><\/span>\n\t\t<p>\n\t\t\t<span class=\"qtmplayer-tit\">Voos da TAAG voltam a escalar a cidade do Dundo<\/span>\n\t\t\t<span class=\"qtmplayer-art\">RNA<\/span>\n\t\t<\/p>\n\t<\/li>\n\t\t<\/ul>\n\t<\/div>\t\t\t\n\t\n<p>Fonte: RNA &#8211; Jornalista Eduardo Leandro<\/p>\n","protected":false},"excerpt":{"rendered":"<p>As prov\u00edncias de Luanda e da Lunda-Norte voltaram a estar ligadas por via a\u00e9rea, nove meses depois, com a retoma esta segunda-feira, 21\/12, dos voos da companhia nacional TAAG. A Lunda-Norte torna-se assim na segunda Prov\u00edncia, depois de Cabinda, a receber voos comerciais, com a abertura gradual das medidas de ...<\/p>\n","protected":false},"author":8,"featured_media":13582,"comment_status":"closed","ping_status":"closed","sticky":false,"template":"","format":"standard","meta":[],"categories":[121],"tags":[],"_links":{"self":[{"href":"https:\/\/rna.ao\/rna.ao\/wp-json\/wp\/v2\/posts\/13576"}],"collection":[{"href":"https:\/\/rna.ao\/rna.ao\/wp-json\/wp\/v2\/posts"}],"about":[{"href":"https:\/\/rna.ao\/rna.ao\/wp-json\/wp\/v2\/types\/post"}],"author":[{"embeddable":true,"href":"https:\/\/rna.ao\/rna.ao\/wp-json\/wp\/v2\/users\/8"}],"replies":[{"embeddable":true,"href":"https:\/\/rna.ao\/rna.ao\/wp-json\/wp\/v2\/comments?post=13576"}],"version-history":[{"count":1,"href":"https:\/\/rna.ao\/rna.ao\/wp-json\/wp\/v2\/posts\/13576\/revisions"}],"predecessor-version":[{"id":13583,"href":"https:\/\/rna.ao\/rna.ao\/wp-json\/wp\/v2\/posts\/13576\/revisions\/13583"}],"wp:featuredmedia":[{"embeddable":true,"href":"https:\/\/rna.ao\/rna.ao\/wp-json\/wp\/v2\/media\/13582"}],"wp:attachment":[{"href":"https:\/\/rna.ao\/rna.ao\/wp-json\/wp\/v2\/media?parent=13576"}],"wp:term":[{"taxonomy":"category","embeddable":true,"href":"https:\/\/rna.ao\/rna.ao\/wp-json\/wp\/v2\/categories?post=13576"},{"taxonomy":"post_tag","embeddable":true,"href":"https:\/\/rna.ao\/rna.ao\/wp-json\/wp\/v2\/tags?post=13576"}],"curies":[{"name":"wp","href":"https:\/\/api.w.org\/{rel}","templated":true}]}}