{"id":13571,"date":"2020-12-21T22:27:38","date_gmt":"2020-12-21T21:27:38","guid":{"rendered":"https:\/\/rna.ao\/rna.ao\/?p=13571"},"modified":"2020-12-21T23:17:05","modified_gmt":"2020-12-21T22:17:05","slug":"preco-do-peixe-baixa-e-armadores-garantem-que-nao-vai-faltar-pescado-na-quadra-festiva","status":"publish","type":"post","link":"https:\/\/rna.ao\/rna.ao\/2020\/12\/21\/preco-do-peixe-baixa-e-armadores-garantem-que-nao-vai-faltar-pescado-na-quadra-festiva\/","title":{"rendered":"Pre\u00e7o do peixe baixa e armadores garantem que n\u00e3o vai faltar pescado na quadra festiva"},"content":{"rendered":"<p><img loading=\"lazy\" class=\"size-full wp-image-12174 alignleft\" src=\"https:\/\/rna.ao\/rna.ao\/wp-content\/uploads\/2020\/11\/pesca.jpg\" alt=\"\" width=\"243\" height=\"162\" \/>O Cons\u00f3cio de Armadores de Pesca, do nosso pa\u00eds, garante que n\u00e3o vai faltar pescado durante a quadra festiva, numa altura que o pre\u00e7o do peixe est\u00e1 a baixar no mercado nacional.<\/p>\n<p>O Administrador Executivo do Cons\u00f3rcio de Armadores de Pesca, Ant\u00f3nio Gama, p\u00f4s, nos \u00faltimos meses, no mercado nacional, 18 mil toneladas de pescado que est\u00e1 a influenciar na queda do pre\u00e7o do peixe.<\/p>\n<p>Ant\u00f3nio Gama afirmou ainda que a actual quota de produ\u00e7\u00e3o nacional de pescado, j\u00e1 n\u00e3o d\u00e1 margem para gastar dinheiro com a importa\u00e7\u00e3o de peixe.<\/p>\n<p>O respons\u00e1vel vai mais longe, e diz mesmo que, por conta do volume de excedente existente, os armadores nacionais j\u00e1 est\u00e3o a pensar na exporta\u00e7\u00e3o. Clique no \u00e1udio, em baixo, e ou\u00e7a:<\/p>\n\t<div class=\"qtmplayer-playlist-large\">\n\t\t<ul class=\"qtmplayer-playlist\">\n\t\t\t\n\t\t\t\t\t<li class=\"qtmplayer-trackitem\">\n\t\t<img src=\"https:\/\/rna.ao\/rna.ao\/wp-content\/uploads\/2020\/10\/barco-de-pesca-100x100.jpg\" alt=\"cover\">\t\t<span \t\t\tdata-qtmplayer-cover=\"https:\/\/rna.ao\/rna.ao\/wp-content\/uploads\/2020\/10\/barco-de-pesca.jpg\"\n\t\t\t\t\t\tdata-qtmplayer-file=\"https:\/\/rna.ao\/rna.ao\/wp-content\/uploads\/2020\/12\/ANTONIO-GAMA.mp3\"\n\t\t\t\t\t\tdata-qtmplayer-title=\"Pre\u00e7o do peixe baixa e armadores garantem que n\u00e3o vai faltar pescado na quadra festiva\"\n\t\t\t\t\t\tdata-qtmplayer-artist=\"RNA\"\n\t\t\t\t\t\tdata-qtmplayer-link=\"https:\/\/rna.ao\/rna.ao\/2020\/12\/21\/preco-do-peixe-baixa-e-armadores-garantem-que-nao-vai-faltar-pescado-na-quadra-festiva\/\"\n\t\t\t\t\t\tdata-qtmplayer-icon=\"file_download\"\n\t\t\t\t\t\tdata-qtmplayer-type=\"track\"\n\t\t\t class=\"qtmplayer-play qtmplayer-link-sec qtmplayer-play-btn\"><i class='material-icons'>play_arrow<\/i><\/span>\n\t\t<p>\n\t\t\t<span class=\"qtmplayer-tit\">Pre\u00e7o do peixe baixa e armadores garantem que n\u00e3o vai faltar pescado na quadra festiva<\/span>\n\t\t\t<span class=\"qtmplayer-art\">RNA<\/span>\n\t\t<\/p>\n\t<\/li>\n\t\t<\/ul>\n\t<\/div>\t\t\t\n\t\n<p>Fonte: RNA<\/p>\n","protected":false},"excerpt":{"rendered":"<p>O Cons\u00f3cio de Armadores de Pesca, do nosso pa\u00eds, garante que n\u00e3o vai faltar pescado durante a quadra festiva, numa altura que o pre\u00e7o do peixe est\u00e1 a baixar no mercado nacional. O Administrador Executivo do Cons\u00f3rcio de Armadores de Pesca, Ant\u00f3nio Gama, p\u00f4s, nos \u00faltimos meses, no mercado nacional, ...<\/p>\n","protected":false},"author":8,"featured_media":6753,"comment_status":"closed","ping_status":"closed","sticky":false,"template":"","format":"standard","meta":[],"categories":[163,1],"tags":[],"_links":{"self":[{"href":"https:\/\/rna.ao\/rna.ao\/wp-json\/wp\/v2\/posts\/13571"}],"collection":[{"href":"https:\/\/rna.ao\/rna.ao\/wp-json\/wp\/v2\/posts"}],"about":[{"href":"https:\/\/rna.ao\/rna.ao\/wp-json\/wp\/v2\/types\/post"}],"author":[{"embeddable":true,"href":"https:\/\/rna.ao\/rna.ao\/wp-json\/wp\/v2\/users\/8"}],"replies":[{"embeddable":true,"href":"https:\/\/rna.ao\/rna.ao\/wp-json\/wp\/v2\/comments?post=13571"}],"version-history":[{"count":3,"href":"https:\/\/rna.ao\/rna.ao\/wp-json\/wp\/v2\/posts\/13571\/revisions"}],"predecessor-version":[{"id":13602,"href":"https:\/\/rna.ao\/rna.ao\/wp-json\/wp\/v2\/posts\/13571\/revisions\/13602"}],"wp:featuredmedia":[{"embeddable":true,"href":"https:\/\/rna.ao\/rna.ao\/wp-json\/wp\/v2\/media\/6753"}],"wp:attachment":[{"href":"https:\/\/rna.ao\/rna.ao\/wp-json\/wp\/v2\/media?parent=13571"}],"wp:term":[{"taxonomy":"category","embeddable":true,"href":"https:\/\/rna.ao\/rna.ao\/wp-json\/wp\/v2\/categories?post=13571"},{"taxonomy":"post_tag","embeddable":true,"href":"https:\/\/rna.ao\/rna.ao\/wp-json\/wp\/v2\/tags?post=13571"}],"curies":[{"name":"wp","href":"https:\/\/api.w.org\/{rel}","templated":true}]}}