{"id":13568,"date":"2020-12-21T22:10:52","date_gmt":"2020-12-21T21:10:52","guid":{"rendered":"https:\/\/rna.ao\/rna.ao\/?p=13568"},"modified":"2020-12-22T07:18:13","modified_gmt":"2020-12-22T06:18:13","slug":"emis-garante-acabar-com-enchentes-registadas-nos-multicaixas","status":"publish","type":"post","link":"https:\/\/rna.ao\/rna.ao\/2020\/12\/21\/emis-garante-acabar-com-enchentes-registadas-nos-multicaixas\/","title":{"rendered":"EMIS garante acabar com enchentes registadas nos Multicaixas"},"content":{"rendered":"<p><img loading=\"lazy\" class=\"size-full wp-image-13574 alignleft\" src=\"https:\/\/rna.ao\/rna.ao\/wp-content\/uploads\/2020\/12\/Gualberto-de-Matos-EMIS.jpg\" alt=\"\" width=\"315\" height=\"178\" \/>Os Bancos e os Multicaixas t\u00eam vindo a registar uma grande enchente, com os clientes e utilizadores, dos mesmos, a permanecerem longas horas nas filas \u00e0 espera, para realizar uma opera\u00e7\u00e3o financeira.<\/p>\n<p>Entretanto, o presidente do Conselho de Administra\u00e7\u00e3o da EMIS, Gualberto de Matos, empresa respons\u00e1vel pela gest\u00e3o dos Multicaixas, esclareceu, \u00e0 RNA, que o problema deve-se h\u00e1 uma press\u00e3o, em fun\u00e7\u00e3o do pagamento dos sal\u00e1rios nesta altura do ano, mas que est\u00e1 a ser resolvido. Clique no \u00e1udio, em baixo, e ou\u00e7a:<\/p>\n\t<div class=\"qtmplayer-playlist-large\">\n\t\t<ul class=\"qtmplayer-playlist\">\n\t\t\t\n\t\t\t\t\t<li class=\"qtmplayer-trackitem\">\n\t\t<img src=\"https:\/\/rna.ao\/rna.ao\/wp-content\/uploads\/2020\/12\/Gualberto-de-Matos-EMIS-100x100.jpg\" alt=\"cover\">\t\t<span \t\t\tdata-qtmplayer-cover=\"https:\/\/rna.ao\/rna.ao\/wp-content\/uploads\/2020\/12\/Gualberto-de-Matos-EMIS.jpg\"\n\t\t\t\t\t\tdata-qtmplayer-file=\"https:\/\/rna.ao\/rna.ao\/wp-content\/uploads\/2020\/12\/GUALBERTO-DE-MATOS.mp3\"\n\t\t\t\t\t\tdata-qtmplayer-title=\"EMIS garante acabar com enchentes registadas nos Multicaixas\"\n\t\t\t\t\t\tdata-qtmplayer-artist=\"RNA\"\n\t\t\t\t\t\tdata-qtmplayer-link=\"https:\/\/rna.ao\/rna.ao\/2020\/12\/21\/emis-garante-acabar-com-enchentes-registadas-nos-multicaixas\/\"\n\t\t\t\t\t\tdata-qtmplayer-icon=\"file_download\"\n\t\t\t\t\t\tdata-qtmplayer-type=\"track\"\n\t\t\t class=\"qtmplayer-play qtmplayer-link-sec qtmplayer-play-btn\"><i class='material-icons'>play_arrow<\/i><\/span>\n\t\t<p>\n\t\t\t<span class=\"qtmplayer-tit\">EMIS garante acabar com enchentes registadas nos Multicaixas<\/span>\n\t\t\t<span class=\"qtmplayer-art\">RNA<\/span>\n\t\t<\/p>\n\t<\/li>\n\t\t<\/ul>\n\t<\/div>\t\t\t\n\t\n<p>Fonte: RNA<\/p>\n","protected":false},"excerpt":{"rendered":"<p>Os Bancos e os Multicaixas t\u00eam vindo a registar uma grande enchente, com os clientes e utilizadores, dos mesmos, a permanecerem longas horas nas filas \u00e0 espera, para realizar uma opera\u00e7\u00e3o financeira. Entretanto, o presidente do Conselho de Administra\u00e7\u00e3o da EMIS, Gualberto de Matos, empresa respons\u00e1vel pela gest\u00e3o dos Multicaixas, ...<\/p>\n","protected":false},"author":8,"featured_media":13574,"comment_status":"closed","ping_status":"closed","sticky":false,"template":"","format":"standard","meta":[],"categories":[164,163],"tags":[],"_links":{"self":[{"href":"https:\/\/rna.ao\/rna.ao\/wp-json\/wp\/v2\/posts\/13568"}],"collection":[{"href":"https:\/\/rna.ao\/rna.ao\/wp-json\/wp\/v2\/posts"}],"about":[{"href":"https:\/\/rna.ao\/rna.ao\/wp-json\/wp\/v2\/types\/post"}],"author":[{"embeddable":true,"href":"https:\/\/rna.ao\/rna.ao\/wp-json\/wp\/v2\/users\/8"}],"replies":[{"embeddable":true,"href":"https:\/\/rna.ao\/rna.ao\/wp-json\/wp\/v2\/comments?post=13568"}],"version-history":[{"count":1,"href":"https:\/\/rna.ao\/rna.ao\/wp-json\/wp\/v2\/posts\/13568\/revisions"}],"predecessor-version":[{"id":13575,"href":"https:\/\/rna.ao\/rna.ao\/wp-json\/wp\/v2\/posts\/13568\/revisions\/13575"}],"wp:featuredmedia":[{"embeddable":true,"href":"https:\/\/rna.ao\/rna.ao\/wp-json\/wp\/v2\/media\/13574"}],"wp:attachment":[{"href":"https:\/\/rna.ao\/rna.ao\/wp-json\/wp\/v2\/media?parent=13568"}],"wp:term":[{"taxonomy":"category","embeddable":true,"href":"https:\/\/rna.ao\/rna.ao\/wp-json\/wp\/v2\/categories?post=13568"},{"taxonomy":"post_tag","embeddable":true,"href":"https:\/\/rna.ao\/rna.ao\/wp-json\/wp\/v2\/tags?post=13568"}],"curies":[{"name":"wp","href":"https:\/\/api.w.org\/{rel}","templated":true}]}}