{"id":13547,"date":"2020-12-21T10:02:38","date_gmt":"2020-12-21T09:02:38","guid":{"rendered":"https:\/\/rna.ao\/rna.ao\/?p=13547"},"modified":"2020-12-21T10:02:38","modified_gmt":"2020-12-21T09:02:38","slug":"on-ne-peut-quencourager-les-reformes-en-cours-en-angola-2","status":"publish","type":"post","link":"https:\/\/rna.ao\/rna.ao\/2020\/12\/21\/on-ne-peut-quencourager-les-reformes-en-cours-en-angola-2\/","title":{"rendered":"ON NE PEUT QU\u2019ENCOURAGER LES REFORMES EN COURS EN ANGOLA"},"content":{"rendered":"<p class=\"MsoNormal\"><span style=\"font-size: 18pt;\">Toutes les reformes en cours en Angola sont \u00e0 encourager.<\/span><\/p>\n<p class=\"MsoNormal\"><span style=\"font-size: 18.0pt; line-height: 107%; mso-ansi-language: PT;\">Ces reformes montrent la bonne volont\u00e9 et la bonne vision de la politique du pr\u00e9sident,Joqo Lourenco,a d\u00e9clar\u00e9,le premier secr\u00e9taire \u00e0 l\u2019ambassade de Belgique en Angola,Gilles Oghe.<\/span><\/p>\n\t<div class=\"qtmplayer-playlist-large\">\n\t\t<ul class=\"qtmplayer-playlist\">\n\t\t\t\n\t\t\t\t\t<li class=\"qtmplayer-trackitem\">\n\t\t<img src=\"https:\/\/rna.ao\/rna.ao\/wp-content\/uploads\/2020\/10\/Bandeira-da-Belgica-100x100.jpg\" alt=\"cover\">\t\t<span \t\t\tdata-qtmplayer-cover=\"https:\/\/rna.ao\/rna.ao\/wp-content\/uploads\/2020\/10\/Bandeira-da-Belgica-370x370.jpg\"\n\t\t\t\t\t\tdata-qtmplayer-file=\"https:\/\/rna.ao\/rna.ao\/wp-content\/uploads\/2020\/12\/GILLES-ORGHE1ER-SEC.-A-LAMBA-DE-BELGIQUE-A-LUANDA.mp3\"\n\t\t\t\t\t\tdata-qtmplayer-title=\"ON NE PEUT QU\u2019ENCOURAGER LES REFORMES EN COURS EN ANGOLA\"\n\t\t\t\t\t\tdata-qtmplayer-artist=\"RNA\"\n\t\t\t\t\t\tdata-qtmplayer-link=\"https:\/\/rna.ao\/rna.ao\/2020\/12\/21\/on-ne-peut-quencourager-les-reformes-en-cours-en-angola-2\/\"\n\t\t\t\t\t\tdata-qtmplayer-icon=\"file_download\"\n\t\t\t\t\t\tdata-qtmplayer-type=\"track\"\n\t\t\t class=\"qtmplayer-play qtmplayer-link-sec qtmplayer-play-btn\"><i class='material-icons'>play_arrow<\/i><\/span>\n\t\t<p>\n\t\t\t<span class=\"qtmplayer-tit\">ON NE PEUT QU\u2019ENCOURAGER LES REFORMES EN COURS EN ANGOLA<\/span>\n\t\t\t<span class=\"qtmplayer-art\">RNA<\/span>\n\t\t<\/p>\n\t<\/li>\n\t\t<\/ul>\n\t<\/div>\t\t\t\n\t\n<p>&nbsp;<\/p>\n","protected":false},"excerpt":{"rendered":"<p>Toutes les reformes en cours en Angola sont \u00e0 encourager. Ces reformes montrent la bonne volont\u00e9 et la bonne vision de la politique du pr\u00e9sident,Joqo Lourenco,a d\u00e9clar\u00e9,le premier secr\u00e9taire \u00e0 l\u2019ambassade de Belgique en Angola,Gilles Oghe. &nbsp;<\/p>\n","protected":false},"author":8,"featured_media":6523,"comment_status":"closed","ping_status":"closed","sticky":false,"template":"","format":"standard","meta":[],"categories":[143,137],"tags":[],"_links":{"self":[{"href":"https:\/\/rna.ao\/rna.ao\/wp-json\/wp\/v2\/posts\/13547"}],"collection":[{"href":"https:\/\/rna.ao\/rna.ao\/wp-json\/wp\/v2\/posts"}],"about":[{"href":"https:\/\/rna.ao\/rna.ao\/wp-json\/wp\/v2\/types\/post"}],"author":[{"embeddable":true,"href":"https:\/\/rna.ao\/rna.ao\/wp-json\/wp\/v2\/users\/8"}],"replies":[{"embeddable":true,"href":"https:\/\/rna.ao\/rna.ao\/wp-json\/wp\/v2\/comments?post=13547"}],"version-history":[{"count":1,"href":"https:\/\/rna.ao\/rna.ao\/wp-json\/wp\/v2\/posts\/13547\/revisions"}],"predecessor-version":[{"id":13549,"href":"https:\/\/rna.ao\/rna.ao\/wp-json\/wp\/v2\/posts\/13547\/revisions\/13549"}],"wp:featuredmedia":[{"embeddable":true,"href":"https:\/\/rna.ao\/rna.ao\/wp-json\/wp\/v2\/media\/6523"}],"wp:attachment":[{"href":"https:\/\/rna.ao\/rna.ao\/wp-json\/wp\/v2\/media?parent=13547"}],"wp:term":[{"taxonomy":"category","embeddable":true,"href":"https:\/\/rna.ao\/rna.ao\/wp-json\/wp\/v2\/categories?post=13547"},{"taxonomy":"post_tag","embeddable":true,"href":"https:\/\/rna.ao\/rna.ao\/wp-json\/wp\/v2\/tags?post=13547"}],"curies":[{"name":"wp","href":"https:\/\/api.w.org\/{rel}","templated":true}]}}