{"id":13523,"date":"2020-12-21T07:21:43","date_gmt":"2020-12-21T06:21:43","guid":{"rendered":"https:\/\/rna.ao\/rna.ao\/?p=13523"},"modified":"2020-12-21T08:59:29","modified_gmt":"2020-12-21T07:59:29","slug":"politico-lucas-ngonda-lanca-livro-sobre-experiencia-vivida-na-descolonizacao","status":"publish","type":"post","link":"https:\/\/rna.ao\/rna.ao\/2020\/12\/21\/politico-lucas-ngonda-lanca-livro-sobre-experiencia-vivida-na-descolonizacao\/","title":{"rendered":"Pol\u00edtico Lucas Ngonda lan\u00e7a livro sobre experiencia vivida na descoloniza\u00e7\u00e3o"},"content":{"rendered":"<p><img loading=\"lazy\" class=\"size-full wp-image-13525 alignleft\" src=\"https:\/\/rna.ao\/rna.ao\/wp-content\/uploads\/2020\/12\/Lucas-Ngonda.jpg\" alt=\"\" width=\"307\" height=\"164\" \/>O pol\u00edtico e presidente da Frente Nacional de Liberta\u00e7\u00e3o de Angola (FNLA), Lucas Ngonda, lan\u00e7a esta segunda-feira, 21 de dezembro, em Luanda, o livro intitulado &#8220;Angola, descoloniza\u00e7\u00e3o, luta pelo poder e a constru\u00e7\u00e3o de uma nova sociedade&#8221;.<\/p>\n<p>O livro retrata a experi\u00eancia vivida, pelo autor, ao longo da guerra civil em Angola. Clique no \u00e1udio, em baixo, e ou\u00e7a mais detalhes na reportagem:<\/p>\n\t<div class=\"qtmplayer-playlist-large\">\n\t\t<ul class=\"qtmplayer-playlist\">\n\t\t\t\n\t\t\t\t\t<li class=\"qtmplayer-trackitem\">\n\t\t<img src=\"https:\/\/rna.ao\/rna.ao\/wp-content\/uploads\/2020\/12\/Lucas-Ngonda-100x100.jpg\" alt=\"cover\">\t\t<span \t\t\tdata-qtmplayer-cover=\"https:\/\/rna.ao\/rna.ao\/wp-content\/uploads\/2020\/12\/Lucas-Ngonda.jpg\"\n\t\t\t\t\t\tdata-qtmplayer-file=\"https:\/\/rna.ao\/rna.ao\/wp-content\/uploads\/2020\/12\/MANUEL-ESPERANCA-07-HRS-1.mp3\"\n\t\t\t\t\t\tdata-qtmplayer-title=\"Pol\u00edtico Lucas Ngonda lan\u00e7a livro sobre experiencia vivida na descoloniza\u00e7\u00e3o\"\n\t\t\t\t\t\tdata-qtmplayer-artist=\"RNA\"\n\t\t\t\t\t\tdata-qtmplayer-link=\"https:\/\/rna.ao\/rna.ao\/2020\/12\/21\/politico-lucas-ngonda-lanca-livro-sobre-experiencia-vivida-na-descolonizacao\/\"\n\t\t\t\t\t\tdata-qtmplayer-icon=\"file_download\"\n\t\t\t\t\t\tdata-qtmplayer-type=\"track\"\n\t\t\t class=\"qtmplayer-play qtmplayer-link-sec qtmplayer-play-btn\"><i class='material-icons'>play_arrow<\/i><\/span>\n\t\t<p>\n\t\t\t<span class=\"qtmplayer-tit\">Pol\u00edtico Lucas Ngonda lan\u00e7a livro sobre experiencia vivida na descoloniza\u00e7\u00e3o<\/span>\n\t\t\t<span class=\"qtmplayer-art\">RNA<\/span>\n\t\t<\/p>\n\t<\/li>\n\t\t<\/ul>\n\t<\/div>\t\t\t\n\t\n<p>Fonte: RNA &#8211; Jornalista Manuel Esperan\u00e7a<\/p>\n","protected":false},"excerpt":{"rendered":"<p>O pol\u00edtico e presidente da Frente Nacional de Liberta\u00e7\u00e3o de Angola (FNLA), Lucas Ngonda, lan\u00e7a esta segunda-feira, 21 de dezembro, em Luanda, o livro intitulado &#8220;Angola, descoloniza\u00e7\u00e3o, luta pelo poder e a constru\u00e7\u00e3o de uma nova sociedade&#8221;. O livro retrata a experi\u00eancia vivida, pelo autor, ao longo da guerra civil ...<\/p>\n","protected":false},"author":8,"featured_media":13525,"comment_status":"closed","ping_status":"closed","sticky":false,"template":"","format":"standard","meta":[],"categories":[142,121,163],"tags":[],"_links":{"self":[{"href":"https:\/\/rna.ao\/rna.ao\/wp-json\/wp\/v2\/posts\/13523"}],"collection":[{"href":"https:\/\/rna.ao\/rna.ao\/wp-json\/wp\/v2\/posts"}],"about":[{"href":"https:\/\/rna.ao\/rna.ao\/wp-json\/wp\/v2\/types\/post"}],"author":[{"embeddable":true,"href":"https:\/\/rna.ao\/rna.ao\/wp-json\/wp\/v2\/users\/8"}],"replies":[{"embeddable":true,"href":"https:\/\/rna.ao\/rna.ao\/wp-json\/wp\/v2\/comments?post=13523"}],"version-history":[{"count":1,"href":"https:\/\/rna.ao\/rna.ao\/wp-json\/wp\/v2\/posts\/13523\/revisions"}],"predecessor-version":[{"id":13526,"href":"https:\/\/rna.ao\/rna.ao\/wp-json\/wp\/v2\/posts\/13523\/revisions\/13526"}],"wp:featuredmedia":[{"embeddable":true,"href":"https:\/\/rna.ao\/rna.ao\/wp-json\/wp\/v2\/media\/13525"}],"wp:attachment":[{"href":"https:\/\/rna.ao\/rna.ao\/wp-json\/wp\/v2\/media?parent=13523"}],"wp:term":[{"taxonomy":"category","embeddable":true,"href":"https:\/\/rna.ao\/rna.ao\/wp-json\/wp\/v2\/categories?post=13523"},{"taxonomy":"post_tag","embeddable":true,"href":"https:\/\/rna.ao\/rna.ao\/wp-json\/wp\/v2\/tags?post=13523"}],"curies":[{"name":"wp","href":"https:\/\/api.w.org\/{rel}","templated":true}]}}