{"id":13512,"date":"2020-12-21T08:24:24","date_gmt":"2020-12-21T07:24:24","guid":{"rendered":"https:\/\/rna.ao\/rna.ao\/?p=13512"},"modified":"2020-12-21T23:21:41","modified_gmt":"2020-12-21T22:21:41","slug":"angola-assume-presidencia-da-acp-em-2022","status":"publish","type":"post","link":"https:\/\/rna.ao\/rna.ao\/2020\/12\/21\/angola-assume-presidencia-da-acp-em-2022\/","title":{"rendered":"Angola assume presid\u00eancia da ACP em 2022"},"content":{"rendered":"<p><img loading=\"lazy\" class=\"size-full wp-image-13514 alignleft\" src=\"https:\/\/rna.ao\/rna.ao\/wp-content\/uploads\/2020\/12\/ACP-logo.jpg\" alt=\"\" width=\"296\" height=\"198\" \/>A Rep\u00fablica de Angola assume em 2022 a presid\u00eancia da Organiza\u00e7\u00e3o dos Pa\u00edses da \u00c1frica, Caribe e Pac\u00edfico (ACP), integrada por setenta e nove pa\u00edses, todos signat\u00e1rios do acordo de Cotonou, com exce\u00e7\u00e3o de Cuba.<\/p>\n<p>Os negociadores-chefes da Uni\u00e3o Europeia e da Organiza\u00e7\u00e3o dos Estados da \u00c1frica, do Caribe e do Pac\u00edfico apresentaram, na \u00faltima sexta-feira, os novos termos de refer\u00eancia que v\u00e3o orientar, daqui para frente, as rela\u00e7\u00f5es entre a Organiza\u00e7\u00e3o e a Uni\u00e3o Europeia. Clique no \u00e1udio, em baixo, e ou\u00e7a com mais desenvolvimento na reportagem:<\/p>\n\t<div class=\"qtmplayer-playlist-large\">\n\t\t<ul class=\"qtmplayer-playlist\">\n\t\t\t\n\t\t\t\t\t<li class=\"qtmplayer-trackitem\">\n\t\t<img src=\"https:\/\/rna.ao\/rna.ao\/wp-content\/uploads\/2020\/12\/ACP-logo-100x100.jpg\" alt=\"cover\">\t\t<span \t\t\tdata-qtmplayer-cover=\"https:\/\/rna.ao\/rna.ao\/wp-content\/uploads\/2020\/12\/ACP-logo.jpg\"\n\t\t\t\t\t\tdata-qtmplayer-file=\"https:\/\/rna.ao\/rna.ao\/wp-content\/uploads\/2020\/12\/NEUSA-SILVA-8-HORAS-BOM.mp3\"\n\t\t\t\t\t\tdata-qtmplayer-title=\"Angola assume presid\u00eancia da ACP em 2022\"\n\t\t\t\t\t\tdata-qtmplayer-artist=\"RNA\"\n\t\t\t\t\t\tdata-qtmplayer-link=\"https:\/\/rna.ao\/rna.ao\/2020\/12\/21\/angola-assume-presidencia-da-acp-em-2022\/\"\n\t\t\t\t\t\tdata-qtmplayer-icon=\"file_download\"\n\t\t\t\t\t\tdata-qtmplayer-type=\"track\"\n\t\t\t class=\"qtmplayer-play qtmplayer-link-sec qtmplayer-play-btn\"><i class='material-icons'>play_arrow<\/i><\/span>\n\t\t<p>\n\t\t\t<span class=\"qtmplayer-tit\">Angola assume presid\u00eancia da ACP em 2022<\/span>\n\t\t\t<span class=\"qtmplayer-art\">RNA<\/span>\n\t\t<\/p>\n\t<\/li>\n\t\t<\/ul>\n\t<\/div>\t\t\t\n\t\n<p>Fonte: RNA &#8211; jornalista Neusa e Silva<\/p>\n","protected":false},"excerpt":{"rendered":"<p>A Rep\u00fablica de Angola assume em 2022 a presid\u00eancia da Organiza\u00e7\u00e3o dos Pa\u00edses da \u00c1frica, Caribe e Pac\u00edfico (ACP), integrada por setenta e nove pa\u00edses, todos signat\u00e1rios do acordo de Cotonou, com exce\u00e7\u00e3o de Cuba. Os negociadores-chefes da Uni\u00e3o Europeia e da Organiza\u00e7\u00e3o dos Estados da \u00c1frica, do Caribe e ...<\/p>\n","protected":false},"author":8,"featured_media":13514,"comment_status":"closed","ping_status":"closed","sticky":false,"template":"","format":"standard","meta":[],"categories":[142,121,164,163],"tags":[],"_links":{"self":[{"href":"https:\/\/rna.ao\/rna.ao\/wp-json\/wp\/v2\/posts\/13512"}],"collection":[{"href":"https:\/\/rna.ao\/rna.ao\/wp-json\/wp\/v2\/posts"}],"about":[{"href":"https:\/\/rna.ao\/rna.ao\/wp-json\/wp\/v2\/types\/post"}],"author":[{"embeddable":true,"href":"https:\/\/rna.ao\/rna.ao\/wp-json\/wp\/v2\/users\/8"}],"replies":[{"embeddable":true,"href":"https:\/\/rna.ao\/rna.ao\/wp-json\/wp\/v2\/comments?post=13512"}],"version-history":[{"count":1,"href":"https:\/\/rna.ao\/rna.ao\/wp-json\/wp\/v2\/posts\/13512\/revisions"}],"predecessor-version":[{"id":13515,"href":"https:\/\/rna.ao\/rna.ao\/wp-json\/wp\/v2\/posts\/13512\/revisions\/13515"}],"wp:featuredmedia":[{"embeddable":true,"href":"https:\/\/rna.ao\/rna.ao\/wp-json\/wp\/v2\/media\/13514"}],"wp:attachment":[{"href":"https:\/\/rna.ao\/rna.ao\/wp-json\/wp\/v2\/media?parent=13512"}],"wp:term":[{"taxonomy":"category","embeddable":true,"href":"https:\/\/rna.ao\/rna.ao\/wp-json\/wp\/v2\/categories?post=13512"},{"taxonomy":"post_tag","embeddable":true,"href":"https:\/\/rna.ao\/rna.ao\/wp-json\/wp\/v2\/tags?post=13512"}],"curies":[{"name":"wp","href":"https:\/\/api.w.org\/{rel}","templated":true}]}}