{"id":13509,"date":"2020-12-21T07:20:17","date_gmt":"2020-12-21T06:20:17","guid":{"rendered":"https:\/\/rna.ao\/rna.ao\/?p=13509"},"modified":"2020-12-21T08:44:50","modified_gmt":"2020-12-21T07:44:50","slug":"cooperacao-isencao-de-vistos-em-passaportes-entre-angola-e-sao-tome","status":"publish","type":"post","link":"https:\/\/rna.ao\/rna.ao\/2020\/12\/21\/cooperacao-isencao-de-vistos-em-passaportes-entre-angola-e-sao-tome\/","title":{"rendered":"Coopera\u00e7\u00e3o: Isen\u00e7\u00e3o de vistos em passaportes entre Angola e S\u00e3o Tom\u00e9"},"content":{"rendered":"<p><img loading=\"lazy\" class=\"size-full wp-image-13510 alignleft\" src=\"https:\/\/rna.ao\/rna.ao\/wp-content\/uploads\/2020\/12\/Passaporte.jpg\" alt=\"\" width=\"281\" height=\"180\" \/>As Rep\u00fablicas de Angola e S\u00e3o\u00a0 Tom\u00e9 e Pr\u00edncipe assinam esta segunda-feira, 21 de dezembro, em Luanda, um acordo de isen\u00e7\u00e3o de vistos em passaportes diplom\u00e1ticos, de servi\u00e7o e ordin\u00e1rios.<\/p>\n<p>O acordo vai ser assinado durante a visita que a Ministra dos Neg\u00f3cios Estrangeiros, Coopera\u00e7\u00e3o e comunidades de S\u00e3o Tom\u00e9 e Pr\u00edncipe, Edite dos Ramos Tem Jua, efectua ao nosso pa\u00eds.<\/p>\n<p>Edite dos Ramos Tem Jua \u00e9 portadora de uma mensagem do Presidente de S\u00e3o Tom\u00e9 e Pr\u00edncipe, para o seu hom\u00f3logo angolano.<\/p>\n<p>A sua agenda de tr\u00eas dias \u00e0 Angola prev\u00ea, tamb\u00e9m, encontros de trabalho e de cortesia com distintas entidades do sector pol\u00edtico, econ\u00f3mico e social de Angola e S\u00e3o Tom\u00e9.<\/p>\n<p>A chefe da diplomacia s\u00e3o-tomense vai ser recebida esta manh\u00e3 pelo Presidente da Rep\u00fablica, Jo\u00e3o Louren\u00e7o, no Pal\u00e1cio Presidencial da Cidade Alta.<\/p>\n<p>Angola e S\u00e3o Tom\u00e9 e pr\u00edncipe mant\u00eam rela\u00e7\u00f5es fraternas, de amizade e de coopera\u00e7\u00e3o pol\u00edtico-diplom\u00e1tica h\u00e1 mais de quarenta anos.<\/p>\n<p>Fonte: RNA<\/p>\n","protected":false},"excerpt":{"rendered":"<p>As Rep\u00fablicas de Angola e S\u00e3o\u00a0 Tom\u00e9 e Pr\u00edncipe assinam esta segunda-feira, 21 de dezembro, em Luanda, um acordo de isen\u00e7\u00e3o de vistos em passaportes diplom\u00e1ticos, de servi\u00e7o e ordin\u00e1rios. O acordo vai ser assinado durante a visita que a Ministra dos Neg\u00f3cios Estrangeiros, Coopera\u00e7\u00e3o e comunidades de S\u00e3o Tom\u00e9 ...<\/p>\n","protected":false},"author":8,"featured_media":13510,"comment_status":"closed","ping_status":"closed","sticky":false,"template":"","format":"standard","meta":[],"categories":[142,121,163],"tags":[],"_links":{"self":[{"href":"https:\/\/rna.ao\/rna.ao\/wp-json\/wp\/v2\/posts\/13509"}],"collection":[{"href":"https:\/\/rna.ao\/rna.ao\/wp-json\/wp\/v2\/posts"}],"about":[{"href":"https:\/\/rna.ao\/rna.ao\/wp-json\/wp\/v2\/types\/post"}],"author":[{"embeddable":true,"href":"https:\/\/rna.ao\/rna.ao\/wp-json\/wp\/v2\/users\/8"}],"replies":[{"embeddable":true,"href":"https:\/\/rna.ao\/rna.ao\/wp-json\/wp\/v2\/comments?post=13509"}],"version-history":[{"count":4,"href":"https:\/\/rna.ao\/rna.ao\/wp-json\/wp\/v2\/posts\/13509\/revisions"}],"predecessor-version":[{"id":13521,"href":"https:\/\/rna.ao\/rna.ao\/wp-json\/wp\/v2\/posts\/13509\/revisions\/13521"}],"wp:featuredmedia":[{"embeddable":true,"href":"https:\/\/rna.ao\/rna.ao\/wp-json\/wp\/v2\/media\/13510"}],"wp:attachment":[{"href":"https:\/\/rna.ao\/rna.ao\/wp-json\/wp\/v2\/media?parent=13509"}],"wp:term":[{"taxonomy":"category","embeddable":true,"href":"https:\/\/rna.ao\/rna.ao\/wp-json\/wp\/v2\/categories?post=13509"},{"taxonomy":"post_tag","embeddable":true,"href":"https:\/\/rna.ao\/rna.ao\/wp-json\/wp\/v2\/tags?post=13509"}],"curies":[{"name":"wp","href":"https:\/\/api.w.org\/{rel}","templated":true}]}}