{"id":13504,"date":"2020-12-21T07:37:29","date_gmt":"2020-12-21T06:37:29","guid":{"rendered":"https:\/\/rna.ao\/rna.ao\/?p=13504"},"modified":"2020-12-21T07:37:48","modified_gmt":"2020-12-21T06:37:48","slug":"huambo-feira-de-escoamento-de-produtos-do-campo-arrecada-akz-17-milhoes","status":"publish","type":"post","link":"https:\/\/rna.ao\/rna.ao\/2020\/12\/21\/huambo-feira-de-escoamento-de-produtos-do-campo-arrecada-akz-17-milhoes\/","title":{"rendered":"Huambo: Feira de escoamento de produtos do campo arrecada Akz 17 milh\u00f5es"},"content":{"rendered":"<p><img loading=\"lazy\" class=\"size-full wp-image-11333 alignleft\" src=\"https:\/\/rna.ao\/rna.ao\/wp-content\/uploads\/2020\/11\/Feira-Agricola-Huambo.jpg\" alt=\"\" width=\"256\" height=\"192\" \/>Dezassete milh\u00f5es de Kwanzas \u00e9 o valor arrecadado durante a quarta edi\u00e7\u00e3o da Feira de Escoamento de produtos do Campo, realizada na Prov\u00edncia do Huambo.<\/p>\n<p>A feira do &#8220;planalto central&#8221; contou com mais de oitenta expositores, que\u00a0 apresentaram as suas potencialidades agr\u00edcolas. Clique no \u00e1udio, em baixo, e saiba mais na reportagem:<\/p>\n\t<div class=\"qtmplayer-playlist-large\">\n\t\t<ul class=\"qtmplayer-playlist\">\n\t\t\t\n\t\t\t\t\t<li class=\"qtmplayer-trackitem\">\n\t\t<img src=\"https:\/\/rna.ao\/rna.ao\/wp-content\/uploads\/2020\/12\/feira-agricultura-100x100.jpg\" alt=\"cover\">\t\t<span \t\t\tdata-qtmplayer-cover=\"https:\/\/rna.ao\/rna.ao\/wp-content\/uploads\/2020\/12\/feira-agricultura.jpg\"\n\t\t\t\t\t\tdata-qtmplayer-file=\"https:\/\/rna.ao\/rna.ao\/wp-content\/uploads\/2020\/12\/HUAMBO-FEIRA-7HRS.mp3\"\n\t\t\t\t\t\tdata-qtmplayer-title=\"Huambo: Feira de escoamento de produtos do campo arrecada Akz 17 milh\u00f5es\"\n\t\t\t\t\t\tdata-qtmplayer-artist=\"RNA\"\n\t\t\t\t\t\tdata-qtmplayer-link=\"https:\/\/rna.ao\/rna.ao\/2020\/12\/21\/huambo-feira-de-escoamento-de-produtos-do-campo-arrecada-akz-17-milhoes\/\"\n\t\t\t\t\t\tdata-qtmplayer-icon=\"file_download\"\n\t\t\t\t\t\tdata-qtmplayer-type=\"track\"\n\t\t\t class=\"qtmplayer-play qtmplayer-link-sec qtmplayer-play-btn\"><i class='material-icons'>play_arrow<\/i><\/span>\n\t\t<p>\n\t\t\t<span class=\"qtmplayer-tit\">Huambo: Feira de escoamento de produtos do campo arrecada Akz 17 milh\u00f5es<\/span>\n\t\t\t<span class=\"qtmplayer-art\">RNA<\/span>\n\t\t<\/p>\n\t<\/li>\n\t\t<\/ul>\n\t<\/div>\t\t\t\n\t\n<p>Fonte: RNA &#8211; Jornalista Em\u00edlia Neves<\/p>\n","protected":false},"excerpt":{"rendered":"<p>Dezassete milh\u00f5es de Kwanzas \u00e9 o valor arrecadado durante a quarta edi\u00e7\u00e3o da Feira de Escoamento de produtos do Campo, realizada na Prov\u00edncia do Huambo. A feira do &#8220;planalto central&#8221; contou com mais de oitenta expositores, que\u00a0 apresentaram as suas potencialidades agr\u00edcolas. Clique no \u00e1udio, em baixo, e saiba mais ...<\/p>\n","protected":false},"author":8,"featured_media":13506,"comment_status":"closed","ping_status":"closed","sticky":false,"template":"","format":"standard","meta":[],"categories":[142,121,163],"tags":[],"_links":{"self":[{"href":"https:\/\/rna.ao\/rna.ao\/wp-json\/wp\/v2\/posts\/13504"}],"collection":[{"href":"https:\/\/rna.ao\/rna.ao\/wp-json\/wp\/v2\/posts"}],"about":[{"href":"https:\/\/rna.ao\/rna.ao\/wp-json\/wp\/v2\/types\/post"}],"author":[{"embeddable":true,"href":"https:\/\/rna.ao\/rna.ao\/wp-json\/wp\/v2\/users\/8"}],"replies":[{"embeddable":true,"href":"https:\/\/rna.ao\/rna.ao\/wp-json\/wp\/v2\/comments?post=13504"}],"version-history":[{"count":2,"href":"https:\/\/rna.ao\/rna.ao\/wp-json\/wp\/v2\/posts\/13504\/revisions"}],"predecessor-version":[{"id":13508,"href":"https:\/\/rna.ao\/rna.ao\/wp-json\/wp\/v2\/posts\/13504\/revisions\/13508"}],"wp:featuredmedia":[{"embeddable":true,"href":"https:\/\/rna.ao\/rna.ao\/wp-json\/wp\/v2\/media\/13506"}],"wp:attachment":[{"href":"https:\/\/rna.ao\/rna.ao\/wp-json\/wp\/v2\/media?parent=13504"}],"wp:term":[{"taxonomy":"category","embeddable":true,"href":"https:\/\/rna.ao\/rna.ao\/wp-json\/wp\/v2\/categories?post=13504"},{"taxonomy":"post_tag","embeddable":true,"href":"https:\/\/rna.ao\/rna.ao\/wp-json\/wp\/v2\/tags?post=13504"}],"curies":[{"name":"wp","href":"https:\/\/api.w.org\/{rel}","templated":true}]}}