{"id":135003,"date":"2024-03-18T10:42:20","date_gmt":"2024-03-18T09:42:20","guid":{"rendered":"https:\/\/rna.ao\/rna.ao\/?p=135003"},"modified":"2024-03-18T10:42:20","modified_gmt":"2024-03-18T09:42:20","slug":"a-partir-de-abril-angola-vai-comecar-a-sentir-as-medidas-de-alivio-que-foram-negociadas-com-o-banco-da-china","status":"publish","type":"post","link":"https:\/\/rna.ao\/rna.ao\/2024\/03\/18\/a-partir-de-abril-angola-vai-comecar-a-sentir-as-medidas-de-alivio-que-foram-negociadas-com-o-banco-da-china\/","title":{"rendered":"A partir de Abril Angola vai come\u00e7ar a sentir as medidas de alivio que foram negociadas com o banco da China\u00a0"},"content":{"rendered":"<p><img loading=\"lazy\" class=\"alignnone  wp-image-135006\" src=\"https:\/\/rna.ao\/rna.ao\/wp-content\/uploads\/2024\/03\/PR-china-2-770x513.jpg\" alt=\"\" width=\"435\" height=\"290\" srcset=\"https:\/\/rna.ao\/rna.ao\/wp-content\/uploads\/2024\/03\/PR-china-2-770x513.jpg 770w, https:\/\/rna.ao\/rna.ao\/wp-content\/uploads\/2024\/03\/PR-china-2-1170x780.jpg 1170w, https:\/\/rna.ao\/rna.ao\/wp-content\/uploads\/2024\/03\/PR-china-2-768x512.jpg 768w, https:\/\/rna.ao\/rna.ao\/wp-content\/uploads\/2024\/03\/PR-china-2.jpg 1280w\" sizes=\"(max-width: 435px) 100vw, 435px\" \/><\/p>\n<p>O Ministro de Estado para a Coordena\u00e7\u00e3o Econ\u00f3mica, esclareceu que o acordo de al\u00edvio da d\u00edvida de Angola \u00e0 China n\u00e3o significa morat\u00f3ria atraso ou suspens\u00e3o do pagamento.<\/p>\n<p>Em declara\u00e7\u00f5es \u00e0 imprensa, a prop\u00f3sito dos resultados da visita do Presidente Jo\u00e3o Louren\u00e7o ao gigante asi\u00e1tico Jos\u00e9 de Lima Massano disse que, apesar dos acordos alcan\u00e7ados, o calend\u00e1rio de pagamento da d\u00edvida mant\u00e9m-se inalterado.<\/p>\n<p>Jos\u00e9 de Lima Massano, avan\u00e7ou que Angola deve, a partir de Abril, come\u00e7ar a sentir as medidas de alivio que foram negociadas com o banco da china. Outros dados com a Jornalista\u00a0 Sany Fuche. Clique no \u00e1udio abaixo e ou\u00e7a:<\/p>\n\t<div class=\"qtmplayer-playlist-large\">\n\t\t<ul class=\"qtmplayer-playlist\">\n\t\t\t\n\t\t\t\t\t<li class=\"qtmplayer-trackitem\">\n\t\t<img src=\"https:\/\/rna.ao\/rna.ao\/wp-content\/uploads\/2024\/03\/pr-china-1-100x100.jpg\" alt=\"cover\">\t\t<span \t\t\tdata-qtmplayer-cover=\"https:\/\/rna.ao\/rna.ao\/wp-content\/uploads\/2024\/03\/pr-china-1-370x370.jpg\"\n\t\t\t\t\t\tdata-qtmplayer-file=\"https:\/\/rna.ao\/rna.ao\/wp-content\/uploads\/2024\/03\/SANY-FUCHE-7HRS.mp3\"\n\t\t\t\t\t\tdata-qtmplayer-title=\"A partir de Abril Angola vai come\u00e7ar a sentir as medidas de alivio que foram negociadas com o banco da China\u00a0\"\n\t\t\t\t\t\tdata-qtmplayer-artist=\"Carla\"\n\t\t\t\t\t\tdata-qtmplayer-link=\"https:\/\/rna.ao\/rna.ao\/2024\/03\/18\/a-partir-de-abril-angola-vai-comecar-a-sentir-as-medidas-de-alivio-que-foram-negociadas-com-o-banco-da-china\/\"\n\t\t\t\t\t\tdata-qtmplayer-icon=\"file_download\"\n\t\t\t\t\t\tdata-qtmplayer-type=\"track\"\n\t\t\t class=\"qtmplayer-play qtmplayer-link-sec qtmplayer-play-btn\"><i class='material-icons'>play_arrow<\/i><\/span>\n\t\t<p>\n\t\t\t<span class=\"qtmplayer-tit\">A partir de Abril Angola vai come\u00e7ar a sentir as medidas de alivio que foram negociadas com o banco da China\u00a0<\/span>\n\t\t\t<span class=\"qtmplayer-art\">Carla<\/span>\n\t\t<\/p>\n\t<\/li>\n\t\t<\/ul>\n\t<\/div>\t\t\t\n\t\n<p>&nbsp;<\/p>\n","protected":false},"excerpt":{"rendered":"<p>O Ministro de Estado para a Coordena\u00e7\u00e3o Econ\u00f3mica, esclareceu que o acordo de al\u00edvio da d\u00edvida de Angola \u00e0 China n\u00e3o significa morat\u00f3ria atraso ou suspens\u00e3o do pagamento. Em declara\u00e7\u00f5es \u00e0 imprensa, a prop\u00f3sito dos resultados da visita do Presidente Jo\u00e3o Louren\u00e7o ao gigante asi\u00e1tico Jos\u00e9 de Lima Massano disse ...<\/p>\n","protected":false},"author":10,"featured_media":135005,"comment_status":"closed","ping_status":"closed","sticky":false,"template":"","format":"standard","meta":[],"categories":[142,121,163],"tags":[],"_links":{"self":[{"href":"https:\/\/rna.ao\/rna.ao\/wp-json\/wp\/v2\/posts\/135003"}],"collection":[{"href":"https:\/\/rna.ao\/rna.ao\/wp-json\/wp\/v2\/posts"}],"about":[{"href":"https:\/\/rna.ao\/rna.ao\/wp-json\/wp\/v2\/types\/post"}],"author":[{"embeddable":true,"href":"https:\/\/rna.ao\/rna.ao\/wp-json\/wp\/v2\/users\/10"}],"replies":[{"embeddable":true,"href":"https:\/\/rna.ao\/rna.ao\/wp-json\/wp\/v2\/comments?post=135003"}],"version-history":[{"count":1,"href":"https:\/\/rna.ao\/rna.ao\/wp-json\/wp\/v2\/posts\/135003\/revisions"}],"predecessor-version":[{"id":135007,"href":"https:\/\/rna.ao\/rna.ao\/wp-json\/wp\/v2\/posts\/135003\/revisions\/135007"}],"wp:featuredmedia":[{"embeddable":true,"href":"https:\/\/rna.ao\/rna.ao\/wp-json\/wp\/v2\/media\/135005"}],"wp:attachment":[{"href":"https:\/\/rna.ao\/rna.ao\/wp-json\/wp\/v2\/media?parent=135003"}],"wp:term":[{"taxonomy":"category","embeddable":true,"href":"https:\/\/rna.ao\/rna.ao\/wp-json\/wp\/v2\/categories?post=135003"},{"taxonomy":"post_tag","embeddable":true,"href":"https:\/\/rna.ao\/rna.ao\/wp-json\/wp\/v2\/tags?post=135003"}],"curies":[{"name":"wp","href":"https:\/\/api.w.org\/{rel}","templated":true}]}}