{"id":13499,"date":"2020-12-21T07:22:30","date_gmt":"2020-12-21T06:22:30","guid":{"rendered":"https:\/\/rna.ao\/rna.ao\/?p=13499"},"modified":"2020-12-21T08:46:23","modified_gmt":"2020-12-21T07:46:23","slug":"idia-defende-privatizacao-do-polo-industrial-de-futila-em-cabinda","status":"publish","type":"post","link":"https:\/\/rna.ao\/rna.ao\/2020\/12\/21\/idia-defende-privatizacao-do-polo-industrial-de-futila-em-cabinda\/","title":{"rendered":"IDIA defende privatiza\u00e7\u00e3o do Polo Industrial de F\u00fatila em Cabinda"},"content":{"rendered":"<p><img loading=\"lazy\" class=\"size-full wp-image-13501 alignleft\" src=\"https:\/\/rna.ao\/rna.ao\/wp-content\/uploads\/2020\/12\/Dario-camati.jpg\" alt=\"\" width=\"304\" height=\"166\" \/>O Instituto de Desenvolvimento Industrial de Angola (IDIA) diz que o melhor aproveitamento do Polo Industrial de F\u00fatila, na Prov\u00edncia de Cabinda, passa pela sua privatiza\u00e7\u00e3o.<\/p>\n<p>Segundo o director do Instituto de Desenvolvimento Industrial de Angola, D\u00e1rio Camati (na foto), neste momento, j\u00e1 se trabalha na cria\u00e7\u00e3o de uma parceria p\u00fablico-privada, com o apoio do Banco Mundial. Clique no \u00e1udio, em baixo, e ou\u00e7a com mais desenvolvimento na reportagem:<\/p>\n\t<div class=\"qtmplayer-playlist-large\">\n\t\t<ul class=\"qtmplayer-playlist\">\n\t\t\t\n\t\t\t\t\t<li class=\"qtmplayer-trackitem\">\n\t\t<img src=\"https:\/\/rna.ao\/rna.ao\/wp-content\/uploads\/2020\/12\/IDIA-logotipo-100x100.jpg\" alt=\"cover\">\t\t<span \t\t\tdata-qtmplayer-cover=\"https:\/\/rna.ao\/rna.ao\/wp-content\/uploads\/2020\/12\/IDIA-logotipo.jpg\"\n\t\t\t\t\t\tdata-qtmplayer-file=\"https:\/\/rna.ao\/rna.ao\/wp-content\/uploads\/2020\/12\/ADRIANO-BELMIRO-07HRS-BOM.mp3\"\n\t\t\t\t\t\tdata-qtmplayer-title=\"IDIA defende privatiza\u00e7\u00e3o do Polo Industrial de F\u00fatila em Cabinda\"\n\t\t\t\t\t\tdata-qtmplayer-artist=\"RNA\"\n\t\t\t\t\t\tdata-qtmplayer-link=\"https:\/\/rna.ao\/rna.ao\/2020\/12\/21\/idia-defende-privatizacao-do-polo-industrial-de-futila-em-cabinda\/\"\n\t\t\t\t\t\tdata-qtmplayer-icon=\"file_download\"\n\t\t\t\t\t\tdata-qtmplayer-type=\"track\"\n\t\t\t class=\"qtmplayer-play qtmplayer-link-sec qtmplayer-play-btn\"><i class='material-icons'>play_arrow<\/i><\/span>\n\t\t<p>\n\t\t\t<span class=\"qtmplayer-tit\">IDIA defende privatiza\u00e7\u00e3o do Polo Industrial de F\u00fatila em Cabinda<\/span>\n\t\t\t<span class=\"qtmplayer-art\">RNA<\/span>\n\t\t<\/p>\n\t<\/li>\n\t\t<\/ul>\n\t<\/div>\t\t\t\n\t\n<p>Fonte: RNA &#8211; jornalista Adriano Belmiro<\/p>\n","protected":false},"excerpt":{"rendered":"<p>O Instituto de Desenvolvimento Industrial de Angola (IDIA) diz que o melhor aproveitamento do Polo Industrial de F\u00fatila, na Prov\u00edncia de Cabinda, passa pela sua privatiza\u00e7\u00e3o. Segundo o director do Instituto de Desenvolvimento Industrial de Angola, D\u00e1rio Camati (na foto), neste momento, j\u00e1 se trabalha na cria\u00e7\u00e3o de uma parceria ...<\/p>\n","protected":false},"author":8,"featured_media":13502,"comment_status":"closed","ping_status":"closed","sticky":false,"template":"","format":"standard","meta":[],"categories":[142,121,163],"tags":[],"_links":{"self":[{"href":"https:\/\/rna.ao\/rna.ao\/wp-json\/wp\/v2\/posts\/13499"}],"collection":[{"href":"https:\/\/rna.ao\/rna.ao\/wp-json\/wp\/v2\/posts"}],"about":[{"href":"https:\/\/rna.ao\/rna.ao\/wp-json\/wp\/v2\/types\/post"}],"author":[{"embeddable":true,"href":"https:\/\/rna.ao\/rna.ao\/wp-json\/wp\/v2\/users\/8"}],"replies":[{"embeddable":true,"href":"https:\/\/rna.ao\/rna.ao\/wp-json\/wp\/v2\/comments?post=13499"}],"version-history":[{"count":2,"href":"https:\/\/rna.ao\/rna.ao\/wp-json\/wp\/v2\/posts\/13499\/revisions"}],"predecessor-version":[{"id":13522,"href":"https:\/\/rna.ao\/rna.ao\/wp-json\/wp\/v2\/posts\/13499\/revisions\/13522"}],"wp:featuredmedia":[{"embeddable":true,"href":"https:\/\/rna.ao\/rna.ao\/wp-json\/wp\/v2\/media\/13502"}],"wp:attachment":[{"href":"https:\/\/rna.ao\/rna.ao\/wp-json\/wp\/v2\/media?parent=13499"}],"wp:term":[{"taxonomy":"category","embeddable":true,"href":"https:\/\/rna.ao\/rna.ao\/wp-json\/wp\/v2\/categories?post=13499"},{"taxonomy":"post_tag","embeddable":true,"href":"https:\/\/rna.ao\/rna.ao\/wp-json\/wp\/v2\/tags?post=13499"}],"curies":[{"name":"wp","href":"https:\/\/api.w.org\/{rel}","templated":true}]}}