{"id":134963,"date":"2024-03-17T13:22:04","date_gmt":"2024-03-17T12:22:04","guid":{"rendered":"https:\/\/rna.ao\/rna.ao\/?p=134963"},"modified":"2024-03-17T13:22:04","modified_gmt":"2024-03-17T12:22:04","slug":"saimos-todos-frustrados-da-assembleia-geral-extraordinaria-do-nosso-clube-pois-as-contas-nao-batiam-certo-carlos-alonso-caly","status":"publish","type":"post","link":"https:\/\/rna.ao\/rna.ao\/2024\/03\/17\/saimos-todos-frustrados-da-assembleia-geral-extraordinaria-do-nosso-clube-pois-as-contas-nao-batiam-certo-carlos-alonso-caly\/","title":{"rendered":"&#8220;Sa\u00edmos todos frustrados da Assembleia-geral extraordin\u00e1ria do nosso clube, pois as contas n\u00e3o batiam certo&#8221; Carlos Alonso \u201cCaly\u201d"},"content":{"rendered":"<p><img loading=\"lazy\" class=\"size-full wp-image-134965 alignleft\" src=\"https:\/\/rna.ao\/rna.ao\/wp-content\/uploads\/2024\/03\/Carlos-Alonzo-Caly.jpg\" alt=\"\" width=\"372\" height=\"213\" srcset=\"https:\/\/rna.ao\/rna.ao\/wp-content\/uploads\/2024\/03\/Carlos-Alonzo-Caly.jpg 372w, https:\/\/rna.ao\/rna.ao\/wp-content\/uploads\/2024\/03\/Carlos-Alonzo-Caly-370x213.jpg 370w\" sizes=\"(max-width: 372px) 100vw, 372px\" \/>Os s\u00f3cios do 1.\u00ba de Agosto, presentes na Assembleia-geral extraordin\u00e1ria, realizada este s\u00e1bado, na sede do clube, em Luanda, \u201cchumbaram\u201d o relat\u00f3rio e contas do exerc\u00edcio econ\u00f3mico de 2023-24. Este facto ocorreu na v\u00e9spera da realiza\u00e7\u00e3o da Assembleia-geral eleitoral, a realizar-se no pr\u00f3ximo dia 30. Carlos Alonso \u201cCaly\u201d s\u00f3cio do clube e antigo capit\u00e3o da sua equipa principal de futebol, aplaudiu a maneira como responderam os s\u00f3cios ao chamamento do clube. Clique no \u00e1udio e ou\u00e7a:<\/p>\n\t<div class=\"qtmplayer-playlist-large\">\n\t\t<ul class=\"qtmplayer-playlist\">\n\t\t\t\n\t\t\t\t\t<li class=\"qtmplayer-trackitem\">\n\t\t<img src=\"https:\/\/rna.ao\/rna.ao\/wp-content\/uploads\/2024\/03\/Carlos-Alonzo-Caly-100x100.jpg\" alt=\"cover\">\t\t<span \t\t\tdata-qtmplayer-cover=\"https:\/\/rna.ao\/rna.ao\/wp-content\/uploads\/2024\/03\/Carlos-Alonzo-Caly.jpg\"\n\t\t\t\t\t\tdata-qtmplayer-file=\"https:\/\/rna.ao\/rna.ao\/wp-content\/uploads\/2024\/03\/12-CARLOS-ALONSO-CALY-17-03-24.mp3\"\n\t\t\t\t\t\tdata-qtmplayer-title=\"&#8220;Sa\u00edmos todos frustrados da Assembleia-geral extraordin\u00e1ria do nosso clube, pois as contas n\u00e3o batiam certo&#8221; Carlos Alonso \u201cCaly\u201d\"\n\t\t\t\t\t\tdata-qtmplayer-artist=\"RNA\"\n\t\t\t\t\t\tdata-qtmplayer-link=\"https:\/\/rna.ao\/rna.ao\/2024\/03\/17\/saimos-todos-frustrados-da-assembleia-geral-extraordinaria-do-nosso-clube-pois-as-contas-nao-batiam-certo-carlos-alonso-caly\/\"\n\t\t\t\t\t\tdata-qtmplayer-icon=\"file_download\"\n\t\t\t\t\t\tdata-qtmplayer-type=\"track\"\n\t\t\t class=\"qtmplayer-play qtmplayer-link-sec qtmplayer-play-btn\"><i class='material-icons'>play_arrow<\/i><\/span>\n\t\t<p>\n\t\t\t<span class=\"qtmplayer-tit\">&#8220;Sa\u00edmos todos frustrados da Assembleia-geral extraordin\u00e1ria do nosso clube, pois as contas n\u00e3o batiam certo&#8221; Carlos Alonso \u201cCaly\u201d<\/span>\n\t\t\t<span class=\"qtmplayer-art\">RNA<\/span>\n\t\t<\/p>\n\t<\/li>\n\t\t<\/ul>\n\t<\/div>\t\t\t\n\t\n","protected":false},"excerpt":{"rendered":"<p>Os s\u00f3cios do 1.\u00ba de Agosto, presentes na Assembleia-geral extraordin\u00e1ria, realizada este s\u00e1bado, na sede do clube, em Luanda, \u201cchumbaram\u201d o relat\u00f3rio e contas do exerc\u00edcio econ\u00f3mico de 2023-24. Este facto ocorreu na v\u00e9spera da realiza\u00e7\u00e3o da Assembleia-geral eleitoral, a realizar-se no pr\u00f3ximo dia 30. Carlos Alonso \u201cCaly\u201d s\u00f3cio do ...<\/p>\n","protected":false},"author":8,"featured_media":134965,"comment_status":"closed","ping_status":"closed","sticky":false,"template":"","format":"standard","meta":[],"categories":[145,125,164],"tags":[],"_links":{"self":[{"href":"https:\/\/rna.ao\/rna.ao\/wp-json\/wp\/v2\/posts\/134963"}],"collection":[{"href":"https:\/\/rna.ao\/rna.ao\/wp-json\/wp\/v2\/posts"}],"about":[{"href":"https:\/\/rna.ao\/rna.ao\/wp-json\/wp\/v2\/types\/post"}],"author":[{"embeddable":true,"href":"https:\/\/rna.ao\/rna.ao\/wp-json\/wp\/v2\/users\/8"}],"replies":[{"embeddable":true,"href":"https:\/\/rna.ao\/rna.ao\/wp-json\/wp\/v2\/comments?post=134963"}],"version-history":[{"count":1,"href":"https:\/\/rna.ao\/rna.ao\/wp-json\/wp\/v2\/posts\/134963\/revisions"}],"predecessor-version":[{"id":134966,"href":"https:\/\/rna.ao\/rna.ao\/wp-json\/wp\/v2\/posts\/134963\/revisions\/134966"}],"wp:featuredmedia":[{"embeddable":true,"href":"https:\/\/rna.ao\/rna.ao\/wp-json\/wp\/v2\/media\/134965"}],"wp:attachment":[{"href":"https:\/\/rna.ao\/rna.ao\/wp-json\/wp\/v2\/media?parent=134963"}],"wp:term":[{"taxonomy":"category","embeddable":true,"href":"https:\/\/rna.ao\/rna.ao\/wp-json\/wp\/v2\/categories?post=134963"},{"taxonomy":"post_tag","embeddable":true,"href":"https:\/\/rna.ao\/rna.ao\/wp-json\/wp\/v2\/tags?post=134963"}],"curies":[{"name":"wp","href":"https:\/\/api.w.org\/{rel}","templated":true}]}}