{"id":134950,"date":"2024-03-17T12:59:22","date_gmt":"2024-03-17T11:59:22","guid":{"rendered":"https:\/\/rna.ao\/rna.ao\/?p=134950"},"modified":"2024-03-17T12:59:22","modified_gmt":"2024-03-17T11:59:22","slug":"joao-lourenco-concede-audiencias-a-varios-membros-do-executivos-chineses","status":"publish","type":"post","link":"https:\/\/rna.ao\/rna.ao\/2024\/03\/17\/joao-lourenco-concede-audiencias-a-varios-membros-do-executivos-chineses\/","title":{"rendered":"Jo\u00e3o Louren\u00e7o concede audi\u00eancias a v\u00e1rios membros do executivos chineses"},"content":{"rendered":"<p><img loading=\"lazy\" class=\"size-full wp-image-134951 aligncenter\" src=\"https:\/\/rna.ao\/rna.ao\/wp-content\/uploads\/2024\/03\/joao.jpg\" alt=\"\" width=\"293\" height=\"195\" \/>O Presidente da Rep\u00fablica Jo\u00e3o Louren\u00e7o, no F\u00f3rum de Neg\u00f3cios Angola-China realizado em Beijing, no quadro da visita de Estado ao gigante asi\u00e1tico. A agenda do dia tamb\u00e9m foi marcada por audi\u00eancias a empres\u00e1rios chineses, antes da partida do Presidente para a prov\u00edncia de Shandong. Clique, no \u00e1udio abaixo, e saiba mais com a jornalista Sany Fuche:<\/p>\n\t<div class=\"qtmplayer-playlist-large\">\n\t\t<ul class=\"qtmplayer-playlist\">\n\t\t\t\n\t\t\t\t\t<li class=\"qtmplayer-trackitem\">\n\t\t<img src=\"https:\/\/rna.ao\/rna.ao\/wp-content\/uploads\/2024\/03\/joao-100x100.jpg\" alt=\"cover\">\t\t<span \t\t\tdata-qtmplayer-cover=\"https:\/\/rna.ao\/rna.ao\/wp-content\/uploads\/2024\/03\/joao.jpg\"\n\t\t\t\t\t\tdata-qtmplayer-file=\"https:\/\/rna.ao\/rna.ao\/wp-content\/uploads\/2024\/03\/SANY-FUCHE-00HRS.mp3\"\n\t\t\t\t\t\tdata-qtmplayer-title=\"Jo\u00e3o Louren\u00e7o concede audi\u00eancias a v\u00e1rios membros do executivos chineses\"\n\t\t\t\t\t\tdata-qtmplayer-artist=\"RNA\"\n\t\t\t\t\t\tdata-qtmplayer-link=\"https:\/\/rna.ao\/rna.ao\/2024\/03\/17\/joao-lourenco-concede-audiencias-a-varios-membros-do-executivos-chineses\/\"\n\t\t\t\t\t\tdata-qtmplayer-icon=\"file_download\"\n\t\t\t\t\t\tdata-qtmplayer-type=\"track\"\n\t\t\t class=\"qtmplayer-play qtmplayer-link-sec qtmplayer-play-btn\"><i class='material-icons'>play_arrow<\/i><\/span>\n\t\t<p>\n\t\t\t<span class=\"qtmplayer-tit\">Jo\u00e3o Louren\u00e7o concede audi\u00eancias a v\u00e1rios membros do executivos chineses<\/span>\n\t\t\t<span class=\"qtmplayer-art\">RNA<\/span>\n\t\t<\/p>\n\t<\/li>\n\t\t<\/ul>\n\t<\/div>\t\t\t\n\t\n","protected":false},"excerpt":{"rendered":"<p>O Presidente da Rep\u00fablica Jo\u00e3o Louren\u00e7o, no F\u00f3rum de Neg\u00f3cios Angola-China realizado em Beijing, no quadro da visita de Estado ao gigante asi\u00e1tico. A agenda do dia tamb\u00e9m foi marcada por audi\u00eancias a empres\u00e1rios chineses, antes da partida do Presidente para a prov\u00edncia de Shandong. Clique, no \u00e1udio abaixo, e ...<\/p>\n","protected":false},"author":8,"featured_media":134951,"comment_status":"closed","ping_status":"closed","sticky":false,"template":"","format":"standard","meta":[],"categories":[142,121,164,163],"tags":[],"_links":{"self":[{"href":"https:\/\/rna.ao\/rna.ao\/wp-json\/wp\/v2\/posts\/134950"}],"collection":[{"href":"https:\/\/rna.ao\/rna.ao\/wp-json\/wp\/v2\/posts"}],"about":[{"href":"https:\/\/rna.ao\/rna.ao\/wp-json\/wp\/v2\/types\/post"}],"author":[{"embeddable":true,"href":"https:\/\/rna.ao\/rna.ao\/wp-json\/wp\/v2\/users\/8"}],"replies":[{"embeddable":true,"href":"https:\/\/rna.ao\/rna.ao\/wp-json\/wp\/v2\/comments?post=134950"}],"version-history":[{"count":1,"href":"https:\/\/rna.ao\/rna.ao\/wp-json\/wp\/v2\/posts\/134950\/revisions"}],"predecessor-version":[{"id":134952,"href":"https:\/\/rna.ao\/rna.ao\/wp-json\/wp\/v2\/posts\/134950\/revisions\/134952"}],"wp:featuredmedia":[{"embeddable":true,"href":"https:\/\/rna.ao\/rna.ao\/wp-json\/wp\/v2\/media\/134951"}],"wp:attachment":[{"href":"https:\/\/rna.ao\/rna.ao\/wp-json\/wp\/v2\/media?parent=134950"}],"wp:term":[{"taxonomy":"category","embeddable":true,"href":"https:\/\/rna.ao\/rna.ao\/wp-json\/wp\/v2\/categories?post=134950"},{"taxonomy":"post_tag","embeddable":true,"href":"https:\/\/rna.ao\/rna.ao\/wp-json\/wp\/v2\/tags?post=134950"}],"curies":[{"name":"wp","href":"https:\/\/api.w.org\/{rel}","templated":true}]}}