{"id":134945,"date":"2024-03-17T12:56:56","date_gmt":"2024-03-17T11:56:56","guid":{"rendered":"https:\/\/rna.ao\/rna.ao\/?p=134945"},"modified":"2024-03-17T12:56:56","modified_gmt":"2024-03-17T11:56:56","slug":"empresarios-chineses-convidados-a-investirem-no-corredor-do-lobito","status":"publish","type":"post","link":"https:\/\/rna.ao\/rna.ao\/2024\/03\/17\/empresarios-chineses-convidados-a-investirem-no-corredor-do-lobito\/","title":{"rendered":"Empres\u00e1rios chineses convidados a investirem no Corredor do Lobito"},"content":{"rendered":"<p><em><img loading=\"lazy\" class=\"size-full wp-image-134948 aligncenter\" src=\"https:\/\/rna.ao\/rna.ao\/wp-content\/uploads\/2024\/03\/lourenco-empresarios.jpg\" alt=\"\" width=\"389\" height=\"218\" \/>O Presidente da Rep\u00fablica convidou os empres\u00e1rios chineses a investirem no Corredor do Lobito na produ\u00e7\u00e3o de bens alimentares, incluindo cereais e gr\u00e3os, a\u00e7\u00facar, pecu\u00e1ria e pescas. Jo\u00e3o Louren\u00e7o discursou, neste s\u00e1bado(16), no F\u00f3rum de Neg\u00f3cios Angola-China, o ponto alto do segundo dia da visita de Estado do Presidente angolano ao gigante asi\u00e1tico. <\/em>Clique no \u00e1udio e ou\u00e7a:<\/p>\n\t<div class=\"qtmplayer-playlist-large\">\n\t\t<ul class=\"qtmplayer-playlist\">\n\t\t\t\n\t\t\t\t\t<li class=\"qtmplayer-trackitem\">\n\t\t<img src=\"https:\/\/rna.ao\/rna.ao\/wp-content\/uploads\/2024\/03\/lourenco-empresarios-100x100.jpg\" alt=\"cover\">\t\t<span \t\t\tdata-qtmplayer-cover=\"https:\/\/rna.ao\/rna.ao\/wp-content\/uploads\/2024\/03\/lourenco-empresarios.jpg\"\n\t\t\t\t\t\tdata-qtmplayer-file=\"https:\/\/rna.ao\/rna.ao\/wp-content\/uploads\/2024\/03\/JOAO-LOURENCO-00HRS.mp3\"\n\t\t\t\t\t\tdata-qtmplayer-title=\"Empres\u00e1rios chineses convidados a investirem no Corredor do Lobito\"\n\t\t\t\t\t\tdata-qtmplayer-artist=\"RNA\"\n\t\t\t\t\t\tdata-qtmplayer-link=\"https:\/\/rna.ao\/rna.ao\/2024\/03\/17\/empresarios-chineses-convidados-a-investirem-no-corredor-do-lobito\/\"\n\t\t\t\t\t\tdata-qtmplayer-icon=\"file_download\"\n\t\t\t\t\t\tdata-qtmplayer-type=\"track\"\n\t\t\t class=\"qtmplayer-play qtmplayer-link-sec qtmplayer-play-btn\"><i class='material-icons'>play_arrow<\/i><\/span>\n\t\t<p>\n\t\t\t<span class=\"qtmplayer-tit\">Empres\u00e1rios chineses convidados a investirem no Corredor do Lobito<\/span>\n\t\t\t<span class=\"qtmplayer-art\">RNA<\/span>\n\t\t<\/p>\n\t<\/li>\n\t\t<\/ul>\n\t<\/div>\t\t\t\n\t\n<p>&nbsp;<\/p>\n","protected":false},"excerpt":{"rendered":"<p>O Presidente da Rep\u00fablica convidou os empres\u00e1rios chineses a investirem no Corredor do Lobito na produ\u00e7\u00e3o de bens alimentares, incluindo cereais e gr\u00e3os, a\u00e7\u00facar, pecu\u00e1ria e pescas. Jo\u00e3o Louren\u00e7o discursou, neste s\u00e1bado(16), no F\u00f3rum de Neg\u00f3cios Angola-China, o ponto alto do segundo dia da visita de Estado do Presidente angolano ...<\/p>\n","protected":false},"author":8,"featured_media":134948,"comment_status":"closed","ping_status":"closed","sticky":false,"template":"","format":"standard","meta":[],"categories":[142,121,164,163],"tags":[],"_links":{"self":[{"href":"https:\/\/rna.ao\/rna.ao\/wp-json\/wp\/v2\/posts\/134945"}],"collection":[{"href":"https:\/\/rna.ao\/rna.ao\/wp-json\/wp\/v2\/posts"}],"about":[{"href":"https:\/\/rna.ao\/rna.ao\/wp-json\/wp\/v2\/types\/post"}],"author":[{"embeddable":true,"href":"https:\/\/rna.ao\/rna.ao\/wp-json\/wp\/v2\/users\/8"}],"replies":[{"embeddable":true,"href":"https:\/\/rna.ao\/rna.ao\/wp-json\/wp\/v2\/comments?post=134945"}],"version-history":[{"count":1,"href":"https:\/\/rna.ao\/rna.ao\/wp-json\/wp\/v2\/posts\/134945\/revisions"}],"predecessor-version":[{"id":134949,"href":"https:\/\/rna.ao\/rna.ao\/wp-json\/wp\/v2\/posts\/134945\/revisions\/134949"}],"wp:featuredmedia":[{"embeddable":true,"href":"https:\/\/rna.ao\/rna.ao\/wp-json\/wp\/v2\/media\/134948"}],"wp:attachment":[{"href":"https:\/\/rna.ao\/rna.ao\/wp-json\/wp\/v2\/media?parent=134945"}],"wp:term":[{"taxonomy":"category","embeddable":true,"href":"https:\/\/rna.ao\/rna.ao\/wp-json\/wp\/v2\/categories?post=134945"},{"taxonomy":"post_tag","embeddable":true,"href":"https:\/\/rna.ao\/rna.ao\/wp-json\/wp\/v2\/tags?post=134945"}],"curies":[{"name":"wp","href":"https:\/\/api.w.org\/{rel}","templated":true}]}}