{"id":134940,"date":"2024-03-17T12:51:45","date_gmt":"2024-03-17T11:51:45","guid":{"rendered":"https:\/\/rna.ao\/rna.ao\/?p=134940"},"modified":"2024-03-17T12:51:45","modified_gmt":"2024-03-17T11:51:45","slug":"ministerio-dos-antigos-combatentes-cria-condicoes-que-o-cuando-cubango-acolhe-a-celebracao-do-dia-luta-de-libertacao-da-africa-austral","status":"publish","type":"post","link":"https:\/\/rna.ao\/rna.ao\/2024\/03\/17\/ministerio-dos-antigos-combatentes-cria-condicoes-que-o-cuando-cubango-acolhe-a-celebracao-do-dia-luta-de-libertacao-da-africa-austral\/","title":{"rendered":"Minist\u00e9rio dos antigos combatentes cria condi\u00e7\u00f5es que o Cuando Cubango acolhe a celebra\u00e7\u00e3o do dia Luta de Liberta\u00e7\u00e3o da \u00c1frica Austral"},"content":{"rendered":"<p><img loading=\"lazy\" class=\"wp-image-134942 aligncenter\" src=\"https:\/\/rna.ao\/rna.ao\/wp-content\/uploads\/2024\/03\/Luta-de-Libertacao-da-Africa-Austra.jpg\" alt=\"\" width=\"302\" height=\"201\" \/>Os preparativos para a celebra\u00e7\u00e3o do 23 de Mar\u00e7o, dia da Luta de Liberta\u00e7\u00e3o da \u00c1frica Austral decorrem a bom ritmo. O Minist\u00e9rio dos Antigos Combatentes e Veteranos da P\u00e1tria, trabalha na sensibiliza\u00e7\u00e3o de cerca de 180 jovens para se deslocarem ao Cuando Cubango e manter contacto com a hist\u00f3ria. Clique, no \u00e1udio abaixo, e saiba mais com o jornalista Fowen Macanja:<\/p>\n\t<div class=\"qtmplayer-playlist-large\">\n\t\t<ul class=\"qtmplayer-playlist\">\n\t\t\t\n\t\t\t\t\t<li class=\"qtmplayer-trackitem\">\n\t\t<img src=\"https:\/\/rna.ao\/rna.ao\/wp-content\/uploads\/2024\/03\/Luta-de-Libertacao-da-Africa-Austral-100x100.jpg\" alt=\"cover\">\t\t<span \t\t\tdata-qtmplayer-cover=\"https:\/\/rna.ao\/rna.ao\/wp-content\/uploads\/2024\/03\/Luta-de-Libertacao-da-Africa-Austral-370x370.jpg\"\n\t\t\t\t\t\tdata-qtmplayer-file=\"https:\/\/rna.ao\/rna.ao\/wp-content\/uploads\/2024\/03\/FOWEN-MACANJA-BATALHA-DO-KUITO-KUANAVALE-13HRS.mp3\"\n\t\t\t\t\t\tdata-qtmplayer-title=\"Minist\u00e9rio dos antigos combatentes cria condi\u00e7\u00f5es que o Cuando Cubango acolhe a celebra\u00e7\u00e3o do dia Luta de Liberta\u00e7\u00e3o da \u00c1frica Austral\"\n\t\t\t\t\t\tdata-qtmplayer-artist=\"RNA\"\n\t\t\t\t\t\tdata-qtmplayer-link=\"https:\/\/rna.ao\/rna.ao\/2024\/03\/17\/ministerio-dos-antigos-combatentes-cria-condicoes-que-o-cuando-cubango-acolhe-a-celebracao-do-dia-luta-de-libertacao-da-africa-austral\/\"\n\t\t\t\t\t\tdata-qtmplayer-icon=\"file_download\"\n\t\t\t\t\t\tdata-qtmplayer-type=\"track\"\n\t\t\t class=\"qtmplayer-play qtmplayer-link-sec qtmplayer-play-btn\"><i class='material-icons'>play_arrow<\/i><\/span>\n\t\t<p>\n\t\t\t<span class=\"qtmplayer-tit\">Minist\u00e9rio dos antigos combatentes cria condi\u00e7\u00f5es que o Cuando Cubango acolhe a celebra\u00e7\u00e3o do dia Luta de Liberta\u00e7\u00e3o da \u00c1frica Austral<\/span>\n\t\t\t<span class=\"qtmplayer-art\">RNA<\/span>\n\t\t<\/p>\n\t<\/li>\n\t\t<\/ul>\n\t<\/div>\t\t\t\n\t\n","protected":false},"excerpt":{"rendered":"<p>Os preparativos para a celebra\u00e7\u00e3o do 23 de Mar\u00e7o, dia da Luta de Liberta\u00e7\u00e3o da \u00c1frica Austral decorrem a bom ritmo. O Minist\u00e9rio dos Antigos Combatentes e Veteranos da P\u00e1tria, trabalha na sensibiliza\u00e7\u00e3o de cerca de 180 jovens para se deslocarem ao Cuando Cubango e manter contacto com a hist\u00f3ria. ...<\/p>\n","protected":false},"author":8,"featured_media":134943,"comment_status":"closed","ping_status":"closed","sticky":false,"template":"","format":"standard","meta":[],"categories":[141,133,164],"tags":[],"_links":{"self":[{"href":"https:\/\/rna.ao\/rna.ao\/wp-json\/wp\/v2\/posts\/134940"}],"collection":[{"href":"https:\/\/rna.ao\/rna.ao\/wp-json\/wp\/v2\/posts"}],"about":[{"href":"https:\/\/rna.ao\/rna.ao\/wp-json\/wp\/v2\/types\/post"}],"author":[{"embeddable":true,"href":"https:\/\/rna.ao\/rna.ao\/wp-json\/wp\/v2\/users\/8"}],"replies":[{"embeddable":true,"href":"https:\/\/rna.ao\/rna.ao\/wp-json\/wp\/v2\/comments?post=134940"}],"version-history":[{"count":1,"href":"https:\/\/rna.ao\/rna.ao\/wp-json\/wp\/v2\/posts\/134940\/revisions"}],"predecessor-version":[{"id":134944,"href":"https:\/\/rna.ao\/rna.ao\/wp-json\/wp\/v2\/posts\/134940\/revisions\/134944"}],"wp:featuredmedia":[{"embeddable":true,"href":"https:\/\/rna.ao\/rna.ao\/wp-json\/wp\/v2\/media\/134943"}],"wp:attachment":[{"href":"https:\/\/rna.ao\/rna.ao\/wp-json\/wp\/v2\/media?parent=134940"}],"wp:term":[{"taxonomy":"category","embeddable":true,"href":"https:\/\/rna.ao\/rna.ao\/wp-json\/wp\/v2\/categories?post=134940"},{"taxonomy":"post_tag","embeddable":true,"href":"https:\/\/rna.ao\/rna.ao\/wp-json\/wp\/v2\/tags?post=134940"}],"curies":[{"name":"wp","href":"https:\/\/api.w.org\/{rel}","templated":true}]}}