{"id":13494,"date":"2020-12-21T06:55:47","date_gmt":"2020-12-21T05:55:47","guid":{"rendered":"https:\/\/rna.ao\/rna.ao\/?p=13494"},"modified":"2020-12-21T23:22:38","modified_gmt":"2020-12-21T22:22:38","slug":"andebol-pre-selecao-recebe-visita-do-governador-da-huila","status":"publish","type":"post","link":"https:\/\/rna.ao\/rna.ao\/2020\/12\/21\/andebol-pre-selecao-recebe-visita-do-governador-da-huila\/","title":{"rendered":"Andebol: Pr\u00e9-sele\u00e7\u00e3o recebe visita do Governador da Hu\u00edla"},"content":{"rendered":"<p><img loading=\"lazy\" class=\"size-full wp-image-11602 alignleft\" src=\"https:\/\/rna.ao\/rna.ao\/wp-content\/uploads\/2020\/11\/Andebol-jogadores-seleccao-11.jpg\" alt=\"\" width=\"246\" height=\"170\" \/>A sele\u00e7\u00e3o nacional s\u00e9nior masculina de andebol, em est\u00e1gio na cidade do Lubango, Prov\u00edncia da Hu\u00edla, manteve, domingo, 20\/12, as mangas arrega\u00e7adas na continuidade do seu trabalho preparat\u00f3rio, tendo em vista o Mundial de janeiro pr\u00f3ximo no Egipto.<\/p>\n<p>Na maior cimeira do andebol mundial, Angola vai evoluir no grupo C ao lado do Quatar, advers\u00e1rio de estreia, do jap\u00e3o e da Cro\u00e1cia.<\/p>\n<p>O director t\u00e9cnico da Federa\u00e7\u00e3o Angolana de Andebol, Tony Costa, disse, \u00e0 R\u00e1dio 5, que as autoridades locais t\u00eam prestado to o apoio poss\u00edvel, durante o est\u00e1gio na cidade do Lubango. Clique no \u00e1udio, em baixo, e saiba mais na reportagem:<\/p>\n\t<div class=\"qtmplayer-playlist-large\">\n\t\t<ul class=\"qtmplayer-playlist\">\n\t\t\t\n\t\t\t\t\t<li class=\"qtmplayer-trackitem\">\n\t\t<img src=\"https:\/\/rna.ao\/rna.ao\/wp-content\/uploads\/2020\/11\/bola-andebol-100x100.jpg\" alt=\"cover\">\t\t<span \t\t\tdata-qtmplayer-cover=\"https:\/\/rna.ao\/rna.ao\/wp-content\/uploads\/2020\/11\/bola-andebol.jpg\"\n\t\t\t\t\t\tdata-qtmplayer-file=\"https:\/\/rna.ao\/rna.ao\/wp-content\/uploads\/2020\/12\/5-AMILCAR-SILVERIO-20-12-20.mp3\"\n\t\t\t\t\t\tdata-qtmplayer-title=\"Andebol: Pr\u00e9-sele\u00e7\u00e3o recebe visita do Governador da Hu\u00edla\"\n\t\t\t\t\t\tdata-qtmplayer-artist=\"RNA\"\n\t\t\t\t\t\tdata-qtmplayer-link=\"https:\/\/rna.ao\/rna.ao\/2020\/12\/21\/andebol-pre-selecao-recebe-visita-do-governador-da-huila\/\"\n\t\t\t\t\t\tdata-qtmplayer-icon=\"file_download\"\n\t\t\t\t\t\tdata-qtmplayer-type=\"track\"\n\t\t\t class=\"qtmplayer-play qtmplayer-link-sec qtmplayer-play-btn\"><i class='material-icons'>play_arrow<\/i><\/span>\n\t\t<p>\n\t\t\t<span class=\"qtmplayer-tit\">Andebol: Pr\u00e9-sele\u00e7\u00e3o recebe visita do Governador da Hu\u00edla<\/span>\n\t\t\t<span class=\"qtmplayer-art\">RNA<\/span>\n\t\t<\/p>\n\t<\/li>\n\t\t<\/ul>\n\t<\/div>\t\t\t\n\t\n<p>Fonte: R\u00e1dio 5\/RNA &#8211; Jornalista Am\u00edlcar Silv\u00e9rio<\/p>\n","protected":false},"excerpt":{"rendered":"<p>A sele\u00e7\u00e3o nacional s\u00e9nior masculina de andebol, em est\u00e1gio na cidade do Lubango, Prov\u00edncia da Hu\u00edla, manteve, domingo, 20\/12, as mangas arrega\u00e7adas na continuidade do seu trabalho preparat\u00f3rio, tendo em vista o Mundial de janeiro pr\u00f3ximo no Egipto. Na maior cimeira do andebol mundial, Angola vai evoluir no grupo C ...<\/p>\n","protected":false},"author":8,"featured_media":11293,"comment_status":"closed","ping_status":"closed","sticky":false,"template":"","format":"standard","meta":[],"categories":[145,125],"tags":[],"_links":{"self":[{"href":"https:\/\/rna.ao\/rna.ao\/wp-json\/wp\/v2\/posts\/13494"}],"collection":[{"href":"https:\/\/rna.ao\/rna.ao\/wp-json\/wp\/v2\/posts"}],"about":[{"href":"https:\/\/rna.ao\/rna.ao\/wp-json\/wp\/v2\/types\/post"}],"author":[{"embeddable":true,"href":"https:\/\/rna.ao\/rna.ao\/wp-json\/wp\/v2\/users\/8"}],"replies":[{"embeddable":true,"href":"https:\/\/rna.ao\/rna.ao\/wp-json\/wp\/v2\/comments?post=13494"}],"version-history":[{"count":1,"href":"https:\/\/rna.ao\/rna.ao\/wp-json\/wp\/v2\/posts\/13494\/revisions"}],"predecessor-version":[{"id":13496,"href":"https:\/\/rna.ao\/rna.ao\/wp-json\/wp\/v2\/posts\/13494\/revisions\/13496"}],"wp:featuredmedia":[{"embeddable":true,"href":"https:\/\/rna.ao\/rna.ao\/wp-json\/wp\/v2\/media\/11293"}],"wp:attachment":[{"href":"https:\/\/rna.ao\/rna.ao\/wp-json\/wp\/v2\/media?parent=13494"}],"wp:term":[{"taxonomy":"category","embeddable":true,"href":"https:\/\/rna.ao\/rna.ao\/wp-json\/wp\/v2\/categories?post=13494"},{"taxonomy":"post_tag","embeddable":true,"href":"https:\/\/rna.ao\/rna.ao\/wp-json\/wp\/v2\/tags?post=13494"}],"curies":[{"name":"wp","href":"https:\/\/api.w.org\/{rel}","templated":true}]}}